{"id":6989,"date":"2023-03-23T17:26:06","date_gmt":"2023-03-23T17:26:06","guid":{"rendered":"https:\/\/www.nadejart.fr\/wp-v7\/?p=6989"},"modified":"2024-05-31T08:04:10","modified_gmt":"2024-05-31T08:04:10","slug":"poussieres-colorees","status":"publish","type":"post","link":"https:\/\/www.nadejart.fr\/wp\/2023\/03\/23\/poussieres-colorees\/","title":{"rendered":"Poussi\u00e8res color\u00e9es"},"content":{"rendered":"\n<p class=\"wp-block-paragraph\">Quelques unes de mes derni\u00e8res r\u00e9alisations aux <a href=\"https:\/\/www.nadejart.fr\/wp\/2018\/10\/28\/comment-peindre-aux-pastels\/\">pastels secs<\/a> sur de grands formats !<br>(d&rsquo;apr\u00e8s les photos originales de Bruno Fondin)<\/p>\n\n\n\n<figure class=\"wp-block-gallery alignwide has-nested-images columns-default is-cropped wp-block-gallery-1 is-layout-flex wp-block-gallery-is-layout-flex\">\n<figure class=\"wp-block-image size-large\"><img loading=\"lazy\" decoding=\"async\" width=\"829\" height=\"1024\" data-id=\"6983\" src=\"https:\/\/www.nadejart.fr\/wp\/wp-content\/uploads\/2023\/03\/portrait-pastels-garcon-nadejart-829x1024.jpeg\" alt=\"portrait aux pastels secs\" class=\"wp-image-6983\" srcset=\"https:\/\/www.nadejart.fr\/wp\/wp-content\/uploads\/2023\/03\/portrait-pastels-garcon-nadejart-829x1024.jpeg 829w, https:\/\/www.nadejart.fr\/wp\/wp-content\/uploads\/2023\/03\/portrait-pastels-garcon-nadejart-243x300.jpeg 243w, https:\/\/www.nadejart.fr\/wp\/wp-content\/uploads\/2023\/03\/portrait-pastels-garcon-nadejart-768x948.jpeg 768w, https:\/\/www.nadejart.fr\/wp\/wp-content\/uploads\/2023\/03\/portrait-pastels-garcon-nadejart.jpeg 1000w\" sizes=\"auto, (max-width: 829px) 100vw, 829px\" \/><\/figure>\n\n\n\n<figure class=\"wp-block-image size-large\"><img loading=\"lazy\" decoding=\"async\" width=\"848\" height=\"1024\" data-id=\"6984\" src=\"https:\/\/www.nadejart.fr\/wp\/wp-content\/uploads\/2023\/03\/portrait-pastels-nadejart-848x1024.jpeg\" alt=\"portrait jeune fille aux pastels secs\" class=\"wp-image-6984\" srcset=\"https:\/\/www.nadejart.fr\/wp\/wp-content\/uploads\/2023\/03\/portrait-pastels-nadejart-848x1024.jpeg 848w, https:\/\/www.nadejart.fr\/wp\/wp-content\/uploads\/2023\/03\/portrait-pastels-nadejart-248x300.jpeg 248w, https:\/\/www.nadejart.fr\/wp\/wp-content\/uploads\/2023\/03\/portrait-pastels-nadejart-768x928.jpeg 768w, https:\/\/www.nadejart.fr\/wp\/wp-content\/uploads\/2023\/03\/portrait-pastels-nadejart.jpeg 1000w\" sizes=\"auto, (max-width: 848px) 100vw, 848px\" \/><\/figure>\n\n\n\n<figure class=\"wp-block-image size-large\"><img loading=\"lazy\" decoding=\"async\" width=\"684\" height=\"1024\" data-id=\"6985\" src=\"https:\/\/www.nadejart.fr\/wp\/wp-content\/uploads\/2023\/03\/portrait-684x1024.jpeg\" alt=\"\" class=\"wp-image-6985\" srcset=\"https:\/\/www.nadejart.fr\/wp\/wp-content\/uploads\/2023\/03\/portrait-684x1024.jpeg 684w, https:\/\/www.nadejart.fr\/wp\/wp-content\/uploads\/2023\/03\/portrait-200x300.jpeg 200w, https:\/\/www.nadejart.fr\/wp\/wp-content\/uploads\/2023\/03\/portrait-768x1150.jpeg 768w, https:\/\/www.nadejart.fr\/wp\/wp-content\/uploads\/2023\/03\/portrait.jpeg 855w\" sizes=\"auto, (max-width: 684px) 100vw, 684px\" \/><\/figure>\n<\/figure>\n\n\n\n<p class=\"wp-block-paragraph\">Ces portraits sont en vente sur le site d&rsquo;<a href=\"https:\/\/www.artmajeur.com\/nadej-gunalp?afid=1973764\">Artmajeur<\/a> <\/p>\n","protected":false},"excerpt":{"rendered":"<p>Quelques unes de mes derni\u00e8res r\u00e9alisations aux pastels secs sur de grands formats !(d&rsquo;apr\u00e8s les photos originales de Bruno Fondin) Ces portraits sont en vente sur le site d&rsquo;Artmajeur<\/p>\n","protected":false},"author":2,"featured_media":0,"comment_status":"open","ping_status":"open","sticky":false,"template":"","format":"standard","meta":{"_coblocks_attr":"","_coblocks_dimensions":"","_coblocks_responsive_height":"","_coblocks_accordion_ie_support":"","_crdt_document":"","_uag_custom_page_level_css":"","_monsterinsights_skip_tracking":false,"_monsterinsights_sitenote_active":false,"_monsterinsights_sitenote_note":"","_monsterinsights_sitenote_category":0,"footnotes":""},"categories":[2],"tags":[198],"class_list":["post-6989","post","type-post","status-publish","format-standard","hentry","category-blog","tag-pastels-secs"],"yoast_head":"<!-- This site is optimized with the Yoast SEO plugin v27.4 - https:\/\/yoast.com\/product\/yoast-seo-wordpress\/ -->\n<title>Poussi\u00e8res color\u00e9es - Nadej&#039;Art<\/title>\n<meta name=\"robots\" content=\"index, follow, max-snippet:-1, max-image-preview:large, max-video-preview:-1\" \/>\n<link rel=\"canonical\" href=\"https:\/\/www.nadejart.fr\/wp\/2023\/03\/23\/poussieres-colorees\/\" \/>\n<meta property=\"og:locale\" content=\"fr_FR\" \/>\n<meta property=\"og:type\" content=\"article\" \/>\n<meta property=\"og:title\" content=\"Poussi\u00e8res color\u00e9es - Nadej&#039;Art\" \/>\n<meta property=\"og:description\" content=\"Quelques unes de mes derni\u00e8res r\u00e9alisations aux pastels secs sur de grands formats !(d&rsquo;apr\u00e8s les photos originales de Bruno Fondin) Ces portraits sont en vente sur le site d&rsquo;Artmajeur\" \/>\n<meta property=\"og:url\" content=\"https:\/\/www.nadejart.fr\/wp\/2023\/03\/23\/poussieres-colorees\/\" \/>\n<meta property=\"og:site_name\" content=\"Nadej&#039;Art\" \/>\n<meta property=\"article:published_time\" content=\"2023-03-23T17:26:06+00:00\" \/>\n<meta property=\"article:modified_time\" content=\"2024-05-31T08:04:10+00:00\" \/>\n<meta property=\"og:image\" content=\"https:\/\/www.nadejart.fr\/wp\/wp-content\/uploads\/2023\/03\/portrait-pastels-garcon-nadejart-829x1024.jpeg\" \/>\n<meta name=\"author\" content=\"N A\" \/>\n<meta name=\"twitter:card\" content=\"summary_large_image\" \/>\n<meta name=\"twitter:label1\" content=\"\u00c9crit par\" \/>\n\t<meta name=\"twitter:data1\" content=\"N A\" \/>\n\t<meta name=\"twitter:label2\" content=\"Dur\u00e9e de lecture estim\u00e9e\" \/>\n\t<meta name=\"twitter:data2\" content=\"1 minute\" \/>\n<script type=\"application\/ld+json\" class=\"yoast-schema-graph\">{\"@context\":\"https:\\\/\\\/schema.org\",\"@graph\":[{\"@type\":\"Article\",\"@id\":\"https:\\\/\\\/www.nadejart.fr\\\/wp\\\/2023\\\/03\\\/23\\\/poussieres-colorees\\\/#article\",\"isPartOf\":{\"@id\":\"https:\\\/\\\/www.nadejart.fr\\\/wp\\\/2023\\\/03\\\/23\\\/poussieres-colorees\\\/\"},\"author\":{\"name\":\"N A\",\"@id\":\"https:\\\/\\\/www.nadejart.fr\\\/wp\\\/#\\\/schema\\\/person\\\/f83242257d6ef99d5e3838aeccf91fcd\"},\"headline\":\"Poussi\u00e8res color\u00e9es\",\"datePublished\":\"2023-03-23T17:26:06+00:00\",\"dateModified\":\"2024-05-31T08:04:10+00:00\",\"mainEntityOfPage\":{\"@id\":\"https:\\\/\\\/www.nadejart.fr\\\/wp\\\/2023\\\/03\\\/23\\\/poussieres-colorees\\\/\"},\"wordCount\":38,\"commentCount\":2,\"publisher\":{\"@id\":\"https:\\\/\\\/www.nadejart.fr\\\/wp\\\/#organization\"},\"image\":{\"@id\":\"https:\\\/\\\/www.nadejart.fr\\\/wp\\\/2023\\\/03\\\/23\\\/poussieres-colorees\\\/#primaryimage\"},\"thumbnailUrl\":\"https:\\\/\\\/www.nadejart.fr\\\/wp\\\/wp-content\\\/uploads\\\/2023\\\/03\\\/portrait-pastels-garcon-nadejart-829x1024.jpeg\",\"keywords\":[\"pastels secs\"],\"articleSection\":[\"Actualit\u00e9s\"],\"inLanguage\":\"fr-FR\",\"potentialAction\":[{\"@type\":\"CommentAction\",\"name\":\"Comment\",\"target\":[\"https:\\\/\\\/www.nadejart.fr\\\/wp\\\/2023\\\/03\\\/23\\\/poussieres-colorees\\\/#respond\"]}]},{\"@type\":\"WebPage\",\"@id\":\"https:\\\/\\\/www.nadejart.fr\\\/wp\\\/2023\\\/03\\\/23\\\/poussieres-colorees\\\/\",\"url\":\"https:\\\/\\\/www.nadejart.fr\\\/wp\\\/2023\\\/03\\\/23\\\/poussieres-colorees\\\/\",\"name\":\"Poussi\u00e8res color\u00e9es - Nadej&#039;Art\",\"isPartOf\":{\"@id\":\"https:\\\/\\\/www.nadejart.fr\\\/wp\\\/#website\"},\"primaryImageOfPage\":{\"@id\":\"https:\\\/\\\/www.nadejart.fr\\\/wp\\\/2023\\\/03\\\/23\\\/poussieres-colorees\\\/#primaryimage\"},\"image\":{\"@id\":\"https:\\\/\\\/www.nadejart.fr\\\/wp\\\/2023\\\/03\\\/23\\\/poussieres-colorees\\\/#primaryimage\"},\"thumbnailUrl\":\"https:\\\/\\\/www.nadejart.fr\\\/wp\\\/wp-content\\\/uploads\\\/2023\\\/03\\\/portrait-pastels-garcon-nadejart-829x1024.jpeg\",\"datePublished\":\"2023-03-23T17:26:06+00:00\",\"dateModified\":\"2024-05-31T08:04:10+00:00\",\"breadcrumb\":{\"@id\":\"https:\\\/\\\/www.nadejart.fr\\\/wp\\\/2023\\\/03\\\/23\\\/poussieres-colorees\\\/#breadcrumb\"},\"inLanguage\":\"fr-FR\",\"potentialAction\":[{\"@type\":\"ReadAction\",\"target\":[\"https:\\\/\\\/www.nadejart.fr\\\/wp\\\/2023\\\/03\\\/23\\\/poussieres-colorees\\\/\"]}]},{\"@type\":\"ImageObject\",\"inLanguage\":\"fr-FR\",\"@id\":\"https:\\\/\\\/www.nadejart.fr\\\/wp\\\/2023\\\/03\\\/23\\\/poussieres-colorees\\\/#primaryimage\",\"url\":\"https:\\\/\\\/www.nadejart.fr\\\/wp\\\/wp-content\\\/uploads\\\/2023\\\/03\\\/portrait-pastels-garcon-nadejart-829x1024.jpeg\",\"contentUrl\":\"https:\\\/\\\/www.nadejart.fr\\\/wp\\\/wp-content\\\/uploads\\\/2023\\\/03\\\/portrait-pastels-garcon-nadejart-829x1024.jpeg\"},{\"@type\":\"BreadcrumbList\",\"@id\":\"https:\\\/\\\/www.nadejart.fr\\\/wp\\\/2023\\\/03\\\/23\\\/poussieres-colorees\\\/#breadcrumb\",\"itemListElement\":[{\"@type\":\"ListItem\",\"position\":1,\"name\":\"Accueil\",\"item\":\"https:\\\/\\\/www.nadejart.fr\\\/wp\\\/\"},{\"@type\":\"ListItem\",\"position\":2,\"name\":\"Poussi\u00e8res color\u00e9es\"}]},{\"@type\":\"WebSite\",\"@id\":\"https:\\\/\\\/www.nadejart.fr\\\/wp\\\/#website\",\"url\":\"https:\\\/\\\/www.nadejart.fr\\\/wp\\\/\",\"name\":\"Nadej'Art\",\"description\":\"\",\"publisher\":{\"@id\":\"https:\\\/\\\/www.nadejart.fr\\\/wp\\\/#organization\"},\"alternateName\":\"Nadej Art\",\"potentialAction\":[{\"@type\":\"SearchAction\",\"target\":{\"@type\":\"EntryPoint\",\"urlTemplate\":\"https:\\\/\\\/www.nadejart.fr\\\/wp\\\/?s={search_term_string}\"},\"query-input\":{\"@type\":\"PropertyValueSpecification\",\"valueRequired\":true,\"valueName\":\"search_term_string\"}}],\"inLanguage\":\"fr-FR\"},{\"@type\":\"Organization\",\"@id\":\"https:\\\/\\\/www.nadejart.fr\\\/wp\\\/#organization\",\"name\":\"Nadej'Art\",\"url\":\"https:\\\/\\\/www.nadejart.fr\\\/wp\\\/\",\"logo\":{\"@type\":\"ImageObject\",\"inLanguage\":\"fr-FR\",\"@id\":\"https:\\\/\\\/www.nadejart.fr\\\/wp\\\/#\\\/schema\\\/logo\\\/image\\\/\",\"url\":\"https:\\\/\\\/www.nadejart.fr\\\/wp\\\/wp-content\\\/uploads\\\/2020\\\/10\\\/cropped-logo-nadejart.png\",\"contentUrl\":\"https:\\\/\\\/www.nadejart.fr\\\/wp\\\/wp-content\\\/uploads\\\/2020\\\/10\\\/cropped-logo-nadejart.png\",\"width\":512,\"height\":512,\"caption\":\"Nadej'Art\"},\"image\":{\"@id\":\"https:\\\/\\\/www.nadejart.fr\\\/wp\\\/#\\\/schema\\\/logo\\\/image\\\/\"}},{\"@type\":\"Person\",\"@id\":\"https:\\\/\\\/www.nadejart.fr\\\/wp\\\/#\\\/schema\\\/person\\\/f83242257d6ef99d5e3838aeccf91fcd\",\"name\":\"N A\",\"image\":{\"@type\":\"ImageObject\",\"inLanguage\":\"fr-FR\",\"@id\":\"https:\\\/\\\/secure.gravatar.com\\\/avatar\\\/b0a82cdeea4c991c9f5e48d478c4280f35078f8464c26bcedfbea5be6fc61d79?s=96&d=blank&r=g\",\"url\":\"https:\\\/\\\/secure.gravatar.com\\\/avatar\\\/b0a82cdeea4c991c9f5e48d478c4280f35078f8464c26bcedfbea5be6fc61d79?s=96&d=blank&r=g\",\"contentUrl\":\"https:\\\/\\\/secure.gravatar.com\\\/avatar\\\/b0a82cdeea4c991c9f5e48d478c4280f35078f8464c26bcedfbea5be6fc61d79?s=96&d=blank&r=g\",\"caption\":\"N A\"}}]}<\/script>\n<!-- \/ Yoast SEO plugin. -->","yoast_head_json":{"title":"Poussi\u00e8res color\u00e9es - Nadej&#039;Art","robots":{"index":"index","follow":"follow","max-snippet":"max-snippet:-1","max-image-preview":"max-image-preview:large","max-video-preview":"max-video-preview:-1"},"canonical":"https:\/\/www.nadejart.fr\/wp\/2023\/03\/23\/poussieres-colorees\/","og_locale":"fr_FR","og_type":"article","og_title":"Poussi\u00e8res color\u00e9es - Nadej&#039;Art","og_description":"Quelques unes de mes derni\u00e8res r\u00e9alisations aux pastels secs sur de grands formats !(d&rsquo;apr\u00e8s les photos originales de Bruno Fondin) Ces portraits sont en vente sur le site d&rsquo;Artmajeur","og_url":"https:\/\/www.nadejart.fr\/wp\/2023\/03\/23\/poussieres-colorees\/","og_site_name":"Nadej&#039;Art","article_published_time":"2023-03-23T17:26:06+00:00","article_modified_time":"2024-05-31T08:04:10+00:00","og_image":[{"url":"https:\/\/www.nadejart.fr\/wp\/wp-content\/uploads\/2023\/03\/portrait-pastels-garcon-nadejart-829x1024.jpeg","type":"","width":"","height":""}],"author":"N A","twitter_card":"summary_large_image","twitter_misc":{"\u00c9crit par":"N A","Dur\u00e9e de lecture estim\u00e9e":"1 minute"},"schema":{"@context":"https:\/\/schema.org","@graph":[{"@type":"Article","@id":"https:\/\/www.nadejart.fr\/wp\/2023\/03\/23\/poussieres-colorees\/#article","isPartOf":{"@id":"https:\/\/www.nadejart.fr\/wp\/2023\/03\/23\/poussieres-colorees\/"},"author":{"name":"N A","@id":"https:\/\/www.nadejart.fr\/wp\/#\/schema\/person\/f83242257d6ef99d5e3838aeccf91fcd"},"headline":"Poussi\u00e8res color\u00e9es","datePublished":"2023-03-23T17:26:06+00:00","dateModified":"2024-05-31T08:04:10+00:00","mainEntityOfPage":{"@id":"https:\/\/www.nadejart.fr\/wp\/2023\/03\/23\/poussieres-colorees\/"},"wordCount":38,"commentCount":2,"publisher":{"@id":"https:\/\/www.nadejart.fr\/wp\/#organization"},"image":{"@id":"https:\/\/www.nadejart.fr\/wp\/2023\/03\/23\/poussieres-colorees\/#primaryimage"},"thumbnailUrl":"https:\/\/www.nadejart.fr\/wp\/wp-content\/uploads\/2023\/03\/portrait-pastels-garcon-nadejart-829x1024.jpeg","keywords":["pastels secs"],"articleSection":["Actualit\u00e9s"],"inLanguage":"fr-FR","potentialAction":[{"@type":"CommentAction","name":"Comment","target":["https:\/\/www.nadejart.fr\/wp\/2023\/03\/23\/poussieres-colorees\/#respond"]}]},{"@type":"WebPage","@id":"https:\/\/www.nadejart.fr\/wp\/2023\/03\/23\/poussieres-colorees\/","url":"https:\/\/www.nadejart.fr\/wp\/2023\/03\/23\/poussieres-colorees\/","name":"Poussi\u00e8res color\u00e9es - Nadej&#039;Art","isPartOf":{"@id":"https:\/\/www.nadejart.fr\/wp\/#website"},"primaryImageOfPage":{"@id":"https:\/\/www.nadejart.fr\/wp\/2023\/03\/23\/poussieres-colorees\/#primaryimage"},"image":{"@id":"https:\/\/www.nadejart.fr\/wp\/2023\/03\/23\/poussieres-colorees\/#primaryimage"},"thumbnailUrl":"https:\/\/www.nadejart.fr\/wp\/wp-content\/uploads\/2023\/03\/portrait-pastels-garcon-nadejart-829x1024.jpeg","datePublished":"2023-03-23T17:26:06+00:00","dateModified":"2024-05-31T08:04:10+00:00","breadcrumb":{"@id":"https:\/\/www.nadejart.fr\/wp\/2023\/03\/23\/poussieres-colorees\/#breadcrumb"},"inLanguage":"fr-FR","potentialAction":[{"@type":"ReadAction","target":["https:\/\/www.nadejart.fr\/wp\/2023\/03\/23\/poussieres-colorees\/"]}]},{"@type":"ImageObject","inLanguage":"fr-FR","@id":"https:\/\/www.nadejart.fr\/wp\/2023\/03\/23\/poussieres-colorees\/#primaryimage","url":"https:\/\/www.nadejart.fr\/wp\/wp-content\/uploads\/2023\/03\/portrait-pastels-garcon-nadejart-829x1024.jpeg","contentUrl":"https:\/\/www.nadejart.fr\/wp\/wp-content\/uploads\/2023\/03\/portrait-pastels-garcon-nadejart-829x1024.jpeg"},{"@type":"BreadcrumbList","@id":"https:\/\/www.nadejart.fr\/wp\/2023\/03\/23\/poussieres-colorees\/#breadcrumb","itemListElement":[{"@type":"ListItem","position":1,"name":"Accueil","item":"https:\/\/www.nadejart.fr\/wp\/"},{"@type":"ListItem","position":2,"name":"Poussi\u00e8res color\u00e9es"}]},{"@type":"WebSite","@id":"https:\/\/www.nadejart.fr\/wp\/#website","url":"https:\/\/www.nadejart.fr\/wp\/","name":"Nadej'Art","description":"","publisher":{"@id":"https:\/\/www.nadejart.fr\/wp\/#organization"},"alternateName":"Nadej Art","potentialAction":[{"@type":"SearchAction","target":{"@type":"EntryPoint","urlTemplate":"https:\/\/www.nadejart.fr\/wp\/?s={search_term_string}"},"query-input":{"@type":"PropertyValueSpecification","valueRequired":true,"valueName":"search_term_string"}}],"inLanguage":"fr-FR"},{"@type":"Organization","@id":"https:\/\/www.nadejart.fr\/wp\/#organization","name":"Nadej'Art","url":"https:\/\/www.nadejart.fr\/wp\/","logo":{"@type":"ImageObject","inLanguage":"fr-FR","@id":"https:\/\/www.nadejart.fr\/wp\/#\/schema\/logo\/image\/","url":"https:\/\/www.nadejart.fr\/wp\/wp-content\/uploads\/2020\/10\/cropped-logo-nadejart.png","contentUrl":"https:\/\/www.nadejart.fr\/wp\/wp-content\/uploads\/2020\/10\/cropped-logo-nadejart.png","width":512,"height":512,"caption":"Nadej'Art"},"image":{"@id":"https:\/\/www.nadejart.fr\/wp\/#\/schema\/logo\/image\/"}},{"@type":"Person","@id":"https:\/\/www.nadejart.fr\/wp\/#\/schema\/person\/f83242257d6ef99d5e3838aeccf91fcd","name":"N A","image":{"@type":"ImageObject","inLanguage":"fr-FR","@id":"https:\/\/secure.gravatar.com\/avatar\/b0a82cdeea4c991c9f5e48d478c4280f35078f8464c26bcedfbea5be6fc61d79?s=96&d=blank&r=g","url":"https:\/\/secure.gravatar.com\/avatar\/b0a82cdeea4c991c9f5e48d478c4280f35078f8464c26bcedfbea5be6fc61d79?s=96&d=blank&r=g","contentUrl":"https:\/\/secure.gravatar.com\/avatar\/b0a82cdeea4c991c9f5e48d478c4280f35078f8464c26bcedfbea5be6fc61d79?s=96&d=blank&r=g","caption":"N A"}}]}},"uagb_featured_image_src":{"full":false,"thumbnail":false,"medium":false,"medium_large":false,"large":false,"1536x1536":false,"2048x2048":false,"yarpp-thumbnail":false},"uagb_author_info":{"display_name":"N A","author_link":"https:\/\/www.nadejart.fr\/wp"},"uagb_comment_info":2,"uagb_excerpt":"Quelques unes de mes derni\u00e8res r\u00e9alisations aux pastels secs sur de grands formats !(d&rsquo;apr\u00e8s les photos originales de Bruno Fondin) Ces portraits sont en vente sur le site d&rsquo;Artmajeur","_links":{"self":[{"href":"https:\/\/www.nadejart.fr\/wp\/wp-json\/wp\/v2\/posts\/6989","targetHints":{"allow":["GET"]}}],"collection":[{"href":"https:\/\/www.nadejart.fr\/wp\/wp-json\/wp\/v2\/posts"}],"about":[{"href":"https:\/\/www.nadejart.fr\/wp\/wp-json\/wp\/v2\/types\/post"}],"author":[{"embeddable":true,"href":"https:\/\/www.nadejart.fr\/wp\/wp-json\/wp\/v2\/users\/2"}],"replies":[{"embeddable":true,"href":"https:\/\/www.nadejart.fr\/wp\/wp-json\/wp\/v2\/comments?post=6989"}],"version-history":[{"count":3,"href":"https:\/\/www.nadejart.fr\/wp\/wp-json\/wp\/v2\/posts\/6989\/revisions"}],"predecessor-version":[{"id":9375,"href":"https:\/\/www.nadejart.fr\/wp\/wp-json\/wp\/v2\/posts\/6989\/revisions\/9375"}],"wp:attachment":[{"href":"https:\/\/www.nadejart.fr\/wp\/wp-json\/wp\/v2\/media?parent=6989"}],"wp:term":[{"taxonomy":"category","embeddable":true,"href":"https:\/\/www.nadejart.fr\/wp\/wp-json\/wp\/v2\/categories?post=6989"},{"taxonomy":"post_tag","embeddable":true,"href":"https:\/\/www.nadejart.fr\/wp\/wp-json\/wp\/v2\/tags?post=6989"}],"curies":[{"name":"wp","href":"https:\/\/api.w.org\/{rel}","templated":true}]}}