{"id":320,"date":"2016-09-11T18:31:35","date_gmt":"2016-09-11T18:31:35","guid":{"rendered":"https:\/\/www.nadejart.fr\/wp-v7\/?p=320"},"modified":"2023-08-30T15:38:47","modified_gmt":"2023-08-30T15:38:47","slug":"amelie","status":"publish","type":"post","link":"https:\/\/www.nadejart.fr\/wp\/2016\/09\/11\/amelie\/","title":{"rendered":"Am\u00e9lie, une vache inspir\u00e9e !"},"content":{"rendered":"\n<p class=\"wp-block-paragraph\">Il y a quelques mois, \u00c9lodie, une jeune \u00e9tudiante en \u00e9dition cherchait une petite \u00e9quipe (illustrateur\/auteur) pour travailler avec elle sur son projet d&rsquo;\u00e9tudes pour l&rsquo;\u00e9criture d&rsquo;un livre jeunesse.<br>C&rsquo;est ainsi qu&rsquo;Agn\u00e8s, une jeune institutrice, s&rsquo;est mise au texte. Et moi j&rsquo;ai pr\u00eat\u00e9 mes feutres pour la r\u00e9alisation du personnage principal, la vache Am\u00e9lie. Ce f\u00fbt un beau projet, tr\u00e8s formateur !<br>Le livre fait au final une trentaine de page (avec autant de texte et d&rsquo;illustrations).<\/p>\n\n\n\n<figure class=\"wp-block-image alignnone wp-image-322 size-full\"><img loading=\"lazy\" decoding=\"async\" width=\"400\" height=\"300\" src=\"https:\/\/www.nadejart.fr\/wp\/wp-content\/uploads\/2016\/09\/ameliedouble.jpg\" alt=\"ameliedouble\" class=\"wp-image-322\" srcset=\"https:\/\/www.nadejart.fr\/wp\/wp-content\/uploads\/2016\/09\/ameliedouble.jpg 400w, https:\/\/www.nadejart.fr\/wp\/wp-content\/uploads\/2016\/09\/ameliedouble-300x225.jpg 300w\" sizes=\"auto, (max-width: 400px) 100vw, 400px\" \/><figcaption class=\"wp-element-caption\">une page double avec des rajouts d\u00e9coup\u00e9s pour agr\u00e9menter la sc\u00e8ne initiale<\/figcaption><\/figure>\n","protected":false},"excerpt":{"rendered":"<p>Il y a quelques mois, \u00c9lodie, une jeune \u00e9tudiante en \u00e9dition cherchait une petite \u00e9quipe (illustrateur\/auteur) pour travailler avec elle sur son projet d&rsquo;\u00e9tudes pour l&rsquo;\u00e9criture d&rsquo;un livre jeunesse.C&rsquo;est ainsi qu&rsquo;Agn\u00e8s, une jeune institutrice, s&rsquo;est mise au texte. Et moi j&rsquo;ai pr\u00eat\u00e9 mes feutres pour la r\u00e9alisation du personnage principal, la vache Am\u00e9lie. Ce f\u00fbt [&hellip;]<\/p>\n","protected":false},"author":2,"featured_media":321,"comment_status":"open","ping_status":"open","sticky":false,"template":"","format":"image","meta":{"_coblocks_attr":"","_coblocks_dimensions":"","_coblocks_responsive_height":"","_coblocks_accordion_ie_support":"","_crdt_document":"","_uag_custom_page_level_css":"","_monsterinsights_skip_tracking":false,"_monsterinsights_sitenote_active":false,"_monsterinsights_sitenote_note":"","_monsterinsights_sitenote_category":0,"footnotes":""},"categories":[2,8],"tags":[248],"class_list":["post-320","post","type-post","status-publish","format-image","has-post-thumbnail","hentry","category-blog","category-3jeunesse","tag-vachelivre","post_format-post-format-image"],"yoast_head":"<!-- This site is optimized with the Yoast SEO plugin v27.4 - https:\/\/yoast.com\/product\/yoast-seo-wordpress\/ -->\n<title>Am\u00e9lie, une vache inspir\u00e9e ! - Nadej&#039;Art<\/title>\n<meta name=\"robots\" content=\"index, follow, max-snippet:-1, max-image-preview:large, max-video-preview:-1\" \/>\n<link rel=\"canonical\" href=\"https:\/\/www.nadejart.fr\/wp\/2016\/09\/11\/amelie\/\" \/>\n<meta property=\"og:locale\" content=\"fr_FR\" \/>\n<meta property=\"og:type\" content=\"article\" \/>\n<meta property=\"og:title\" content=\"Am\u00e9lie, une vache inspir\u00e9e ! - Nadej&#039;Art\" \/>\n<meta property=\"og:description\" content=\"Il y a quelques mois, \u00c9lodie, une jeune \u00e9tudiante en \u00e9dition cherchait une petite \u00e9quipe (illustrateur\/auteur) pour travailler avec elle sur son projet d&rsquo;\u00e9tudes pour l&rsquo;\u00e9criture d&rsquo;un livre jeunesse.C&rsquo;est ainsi qu&rsquo;Agn\u00e8s, une jeune institutrice, s&rsquo;est mise au texte. Et moi j&rsquo;ai pr\u00eat\u00e9 mes feutres pour la r\u00e9alisation du personnage principal, la vache Am\u00e9lie. Ce f\u00fbt [&hellip;]\" \/>\n<meta property=\"og:url\" content=\"https:\/\/www.nadejart.fr\/wp\/2016\/09\/11\/amelie\/\" \/>\n<meta property=\"og:site_name\" content=\"Nadej&#039;Art\" \/>\n<meta property=\"article:published_time\" content=\"2016-09-11T18:31:35+00:00\" \/>\n<meta property=\"article:modified_time\" content=\"2023-08-30T15:38:47+00:00\" \/>\n<meta property=\"og:image\" content=\"https:\/\/www.nadejart.fr\/wp\/wp-content\/uploads\/2016\/09\/amelie_livre_web.jpg\" \/>\n\t<meta property=\"og:image:width\" content=\"700\" \/>\n\t<meta property=\"og:image:height\" content=\"920\" \/>\n\t<meta property=\"og:image:type\" content=\"image\/jpeg\" \/>\n<meta name=\"author\" content=\"N A\" \/>\n<meta name=\"twitter:card\" content=\"summary_large_image\" \/>\n<meta name=\"twitter:label1\" content=\"\u00c9crit par\" \/>\n\t<meta name=\"twitter:data1\" content=\"N A\" \/>\n\t<meta name=\"twitter:label2\" content=\"Dur\u00e9e de lecture estim\u00e9e\" \/>\n\t<meta name=\"twitter:data2\" content=\"1 minute\" \/>\n<script type=\"application\/ld+json\" class=\"yoast-schema-graph\">{\"@context\":\"https:\\\/\\\/schema.org\",\"@graph\":[{\"@type\":\"Article\",\"@id\":\"https:\\\/\\\/www.nadejart.fr\\\/wp\\\/2016\\\/09\\\/11\\\/amelie\\\/#article\",\"isPartOf\":{\"@id\":\"https:\\\/\\\/www.nadejart.fr\\\/wp\\\/2016\\\/09\\\/11\\\/amelie\\\/\"},\"author\":{\"name\":\"N A\",\"@id\":\"https:\\\/\\\/www.nadejart.fr\\\/wp\\\/#\\\/schema\\\/person\\\/f83242257d6ef99d5e3838aeccf91fcd\"},\"headline\":\"Am\u00e9lie, une vache inspir\u00e9e !\",\"datePublished\":\"2016-09-11T18:31:35+00:00\",\"dateModified\":\"2023-08-30T15:38:47+00:00\",\"mainEntityOfPage\":{\"@id\":\"https:\\\/\\\/www.nadejart.fr\\\/wp\\\/2016\\\/09\\\/11\\\/amelie\\\/\"},\"wordCount\":113,\"commentCount\":1,\"publisher\":{\"@id\":\"https:\\\/\\\/www.nadejart.fr\\\/wp\\\/#organization\"},\"image\":{\"@id\":\"https:\\\/\\\/www.nadejart.fr\\\/wp\\\/2016\\\/09\\\/11\\\/amelie\\\/#primaryimage\"},\"thumbnailUrl\":\"https:\\\/\\\/www.nadejart.fr\\\/wp\\\/wp-content\\\/uploads\\\/2016\\\/09\\\/amelie_livre_web.jpg\",\"keywords\":[\"vache;livre\"],\"articleSection\":[\"Actualit\u00e9s\",\"Jeunesse\"],\"inLanguage\":\"fr-FR\",\"potentialAction\":[{\"@type\":\"CommentAction\",\"name\":\"Comment\",\"target\":[\"https:\\\/\\\/www.nadejart.fr\\\/wp\\\/2016\\\/09\\\/11\\\/amelie\\\/#respond\"]}]},{\"@type\":\"WebPage\",\"@id\":\"https:\\\/\\\/www.nadejart.fr\\\/wp\\\/2016\\\/09\\\/11\\\/amelie\\\/\",\"url\":\"https:\\\/\\\/www.nadejart.fr\\\/wp\\\/2016\\\/09\\\/11\\\/amelie\\\/\",\"name\":\"Am\u00e9lie, une vache inspir\u00e9e ! - Nadej&#039;Art\",\"isPartOf\":{\"@id\":\"https:\\\/\\\/www.nadejart.fr\\\/wp\\\/#website\"},\"primaryImageOfPage\":{\"@id\":\"https:\\\/\\\/www.nadejart.fr\\\/wp\\\/2016\\\/09\\\/11\\\/amelie\\\/#primaryimage\"},\"image\":{\"@id\":\"https:\\\/\\\/www.nadejart.fr\\\/wp\\\/2016\\\/09\\\/11\\\/amelie\\\/#primaryimage\"},\"thumbnailUrl\":\"https:\\\/\\\/www.nadejart.fr\\\/wp\\\/wp-content\\\/uploads\\\/2016\\\/09\\\/amelie_livre_web.jpg\",\"datePublished\":\"2016-09-11T18:31:35+00:00\",\"dateModified\":\"2023-08-30T15:38:47+00:00\",\"breadcrumb\":{\"@id\":\"https:\\\/\\\/www.nadejart.fr\\\/wp\\\/2016\\\/09\\\/11\\\/amelie\\\/#breadcrumb\"},\"inLanguage\":\"fr-FR\",\"potentialAction\":[{\"@type\":\"ReadAction\",\"target\":[\"https:\\\/\\\/www.nadejart.fr\\\/wp\\\/2016\\\/09\\\/11\\\/amelie\\\/\"]}]},{\"@type\":\"ImageObject\",\"inLanguage\":\"fr-FR\",\"@id\":\"https:\\\/\\\/www.nadejart.fr\\\/wp\\\/2016\\\/09\\\/11\\\/amelie\\\/#primaryimage\",\"url\":\"https:\\\/\\\/www.nadejart.fr\\\/wp\\\/wp-content\\\/uploads\\\/2016\\\/09\\\/amelie_livre_web.jpg\",\"contentUrl\":\"https:\\\/\\\/www.nadejart.fr\\\/wp\\\/wp-content\\\/uploads\\\/2016\\\/09\\\/amelie_livre_web.jpg\",\"width\":700,\"height\":920},{\"@type\":\"BreadcrumbList\",\"@id\":\"https:\\\/\\\/www.nadejart.fr\\\/wp\\\/2016\\\/09\\\/11\\\/amelie\\\/#breadcrumb\",\"itemListElement\":[{\"@type\":\"ListItem\",\"position\":1,\"name\":\"Accueil\",\"item\":\"https:\\\/\\\/www.nadejart.fr\\\/wp\\\/\"},{\"@type\":\"ListItem\",\"position\":2,\"name\":\"Am\u00e9lie, une vache inspir\u00e9e !\"}]},{\"@type\":\"WebSite\",\"@id\":\"https:\\\/\\\/www.nadejart.fr\\\/wp\\\/#website\",\"url\":\"https:\\\/\\\/www.nadejart.fr\\\/wp\\\/\",\"name\":\"Nadej'Art\",\"description\":\"\",\"publisher\":{\"@id\":\"https:\\\/\\\/www.nadejart.fr\\\/wp\\\/#organization\"},\"alternateName\":\"Nadej Art\",\"potentialAction\":[{\"@type\":\"SearchAction\",\"target\":{\"@type\":\"EntryPoint\",\"urlTemplate\":\"https:\\\/\\\/www.nadejart.fr\\\/wp\\\/?s={search_term_string}\"},\"query-input\":{\"@type\":\"PropertyValueSpecification\",\"valueRequired\":true,\"valueName\":\"search_term_string\"}}],\"inLanguage\":\"fr-FR\"},{\"@type\":\"Organization\",\"@id\":\"https:\\\/\\\/www.nadejart.fr\\\/wp\\\/#organization\",\"name\":\"Nadej'Art\",\"url\":\"https:\\\/\\\/www.nadejart.fr\\\/wp\\\/\",\"logo\":{\"@type\":\"ImageObject\",\"inLanguage\":\"fr-FR\",\"@id\":\"https:\\\/\\\/www.nadejart.fr\\\/wp\\\/#\\\/schema\\\/logo\\\/image\\\/\",\"url\":\"https:\\\/\\\/www.nadejart.fr\\\/wp\\\/wp-content\\\/uploads\\\/2020\\\/10\\\/cropped-logo-nadejart.png\",\"contentUrl\":\"https:\\\/\\\/www.nadejart.fr\\\/wp\\\/wp-content\\\/uploads\\\/2020\\\/10\\\/cropped-logo-nadejart.png\",\"width\":512,\"height\":512,\"caption\":\"Nadej'Art\"},\"image\":{\"@id\":\"https:\\\/\\\/www.nadejart.fr\\\/wp\\\/#\\\/schema\\\/logo\\\/image\\\/\"}},{\"@type\":\"Person\",\"@id\":\"https:\\\/\\\/www.nadejart.fr\\\/wp\\\/#\\\/schema\\\/person\\\/f83242257d6ef99d5e3838aeccf91fcd\",\"name\":\"N A\",\"image\":{\"@type\":\"ImageObject\",\"inLanguage\":\"fr-FR\",\"@id\":\"https:\\\/\\\/secure.gravatar.com\\\/avatar\\\/b0a82cdeea4c991c9f5e48d478c4280f35078f8464c26bcedfbea5be6fc61d79?s=96&d=blank&r=g\",\"url\":\"https:\\\/\\\/secure.gravatar.com\\\/avatar\\\/b0a82cdeea4c991c9f5e48d478c4280f35078f8464c26bcedfbea5be6fc61d79?s=96&d=blank&r=g\",\"contentUrl\":\"https:\\\/\\\/secure.gravatar.com\\\/avatar\\\/b0a82cdeea4c991c9f5e48d478c4280f35078f8464c26bcedfbea5be6fc61d79?s=96&d=blank&r=g\",\"caption\":\"N A\"}}]}<\/script>\n<!-- \/ Yoast SEO plugin. -->","yoast_head_json":{"title":"Am\u00e9lie, une vache inspir\u00e9e ! - Nadej&#039;Art","robots":{"index":"index","follow":"follow","max-snippet":"max-snippet:-1","max-image-preview":"max-image-preview:large","max-video-preview":"max-video-preview:-1"},"canonical":"https:\/\/www.nadejart.fr\/wp\/2016\/09\/11\/amelie\/","og_locale":"fr_FR","og_type":"article","og_title":"Am\u00e9lie, une vache inspir\u00e9e ! - Nadej&#039;Art","og_description":"Il y a quelques mois, \u00c9lodie, une jeune \u00e9tudiante en \u00e9dition cherchait une petite \u00e9quipe (illustrateur\/auteur) pour travailler avec elle sur son projet d&rsquo;\u00e9tudes pour l&rsquo;\u00e9criture d&rsquo;un livre jeunesse.C&rsquo;est ainsi qu&rsquo;Agn\u00e8s, une jeune institutrice, s&rsquo;est mise au texte. Et moi j&rsquo;ai pr\u00eat\u00e9 mes feutres pour la r\u00e9alisation du personnage principal, la vache Am\u00e9lie. Ce f\u00fbt [&hellip;]","og_url":"https:\/\/www.nadejart.fr\/wp\/2016\/09\/11\/amelie\/","og_site_name":"Nadej&#039;Art","article_published_time":"2016-09-11T18:31:35+00:00","article_modified_time":"2023-08-30T15:38:47+00:00","og_image":[{"width":700,"height":920,"url":"https:\/\/www.nadejart.fr\/wp\/wp-content\/uploads\/2016\/09\/amelie_livre_web.jpg","type":"image\/jpeg"}],"author":"N A","twitter_card":"summary_large_image","twitter_misc":{"\u00c9crit par":"N A","Dur\u00e9e de lecture estim\u00e9e":"1 minute"},"schema":{"@context":"https:\/\/schema.org","@graph":[{"@type":"Article","@id":"https:\/\/www.nadejart.fr\/wp\/2016\/09\/11\/amelie\/#article","isPartOf":{"@id":"https:\/\/www.nadejart.fr\/wp\/2016\/09\/11\/amelie\/"},"author":{"name":"N A","@id":"https:\/\/www.nadejart.fr\/wp\/#\/schema\/person\/f83242257d6ef99d5e3838aeccf91fcd"},"headline":"Am\u00e9lie, une vache inspir\u00e9e !","datePublished":"2016-09-11T18:31:35+00:00","dateModified":"2023-08-30T15:38:47+00:00","mainEntityOfPage":{"@id":"https:\/\/www.nadejart.fr\/wp\/2016\/09\/11\/amelie\/"},"wordCount":113,"commentCount":1,"publisher":{"@id":"https:\/\/www.nadejart.fr\/wp\/#organization"},"image":{"@id":"https:\/\/www.nadejart.fr\/wp\/2016\/09\/11\/amelie\/#primaryimage"},"thumbnailUrl":"https:\/\/www.nadejart.fr\/wp\/wp-content\/uploads\/2016\/09\/amelie_livre_web.jpg","keywords":["vache;livre"],"articleSection":["Actualit\u00e9s","Jeunesse"],"inLanguage":"fr-FR","potentialAction":[{"@type":"CommentAction","name":"Comment","target":["https:\/\/www.nadejart.fr\/wp\/2016\/09\/11\/amelie\/#respond"]}]},{"@type":"WebPage","@id":"https:\/\/www.nadejart.fr\/wp\/2016\/09\/11\/amelie\/","url":"https:\/\/www.nadejart.fr\/wp\/2016\/09\/11\/amelie\/","name":"Am\u00e9lie, une vache inspir\u00e9e ! - Nadej&#039;Art","isPartOf":{"@id":"https:\/\/www.nadejart.fr\/wp\/#website"},"primaryImageOfPage":{"@id":"https:\/\/www.nadejart.fr\/wp\/2016\/09\/11\/amelie\/#primaryimage"},"image":{"@id":"https:\/\/www.nadejart.fr\/wp\/2016\/09\/11\/amelie\/#primaryimage"},"thumbnailUrl":"https:\/\/www.nadejart.fr\/wp\/wp-content\/uploads\/2016\/09\/amelie_livre_web.jpg","datePublished":"2016-09-11T18:31:35+00:00","dateModified":"2023-08-30T15:38:47+00:00","breadcrumb":{"@id":"https:\/\/www.nadejart.fr\/wp\/2016\/09\/11\/amelie\/#breadcrumb"},"inLanguage":"fr-FR","potentialAction":[{"@type":"ReadAction","target":["https:\/\/www.nadejart.fr\/wp\/2016\/09\/11\/amelie\/"]}]},{"@type":"ImageObject","inLanguage":"fr-FR","@id":"https:\/\/www.nadejart.fr\/wp\/2016\/09\/11\/amelie\/#primaryimage","url":"https:\/\/www.nadejart.fr\/wp\/wp-content\/uploads\/2016\/09\/amelie_livre_web.jpg","contentUrl":"https:\/\/www.nadejart.fr\/wp\/wp-content\/uploads\/2016\/09\/amelie_livre_web.jpg","width":700,"height":920},{"@type":"BreadcrumbList","@id":"https:\/\/www.nadejart.fr\/wp\/2016\/09\/11\/amelie\/#breadcrumb","itemListElement":[{"@type":"ListItem","position":1,"name":"Accueil","item":"https:\/\/www.nadejart.fr\/wp\/"},{"@type":"ListItem","position":2,"name":"Am\u00e9lie, une vache inspir\u00e9e !"}]},{"@type":"WebSite","@id":"https:\/\/www.nadejart.fr\/wp\/#website","url":"https:\/\/www.nadejart.fr\/wp\/","name":"Nadej'Art","description":"","publisher":{"@id":"https:\/\/www.nadejart.fr\/wp\/#organization"},"alternateName":"Nadej Art","potentialAction":[{"@type":"SearchAction","target":{"@type":"EntryPoint","urlTemplate":"https:\/\/www.nadejart.fr\/wp\/?s={search_term_string}"},"query-input":{"@type":"PropertyValueSpecification","valueRequired":true,"valueName":"search_term_string"}}],"inLanguage":"fr-FR"},{"@type":"Organization","@id":"https:\/\/www.nadejart.fr\/wp\/#organization","name":"Nadej'Art","url":"https:\/\/www.nadejart.fr\/wp\/","logo":{"@type":"ImageObject","inLanguage":"fr-FR","@id":"https:\/\/www.nadejart.fr\/wp\/#\/schema\/logo\/image\/","url":"https:\/\/www.nadejart.fr\/wp\/wp-content\/uploads\/2020\/10\/cropped-logo-nadejart.png","contentUrl":"https:\/\/www.nadejart.fr\/wp\/wp-content\/uploads\/2020\/10\/cropped-logo-nadejart.png","width":512,"height":512,"caption":"Nadej'Art"},"image":{"@id":"https:\/\/www.nadejart.fr\/wp\/#\/schema\/logo\/image\/"}},{"@type":"Person","@id":"https:\/\/www.nadejart.fr\/wp\/#\/schema\/person\/f83242257d6ef99d5e3838aeccf91fcd","name":"N A","image":{"@type":"ImageObject","inLanguage":"fr-FR","@id":"https:\/\/secure.gravatar.com\/avatar\/b0a82cdeea4c991c9f5e48d478c4280f35078f8464c26bcedfbea5be6fc61d79?s=96&d=blank&r=g","url":"https:\/\/secure.gravatar.com\/avatar\/b0a82cdeea4c991c9f5e48d478c4280f35078f8464c26bcedfbea5be6fc61d79?s=96&d=blank&r=g","contentUrl":"https:\/\/secure.gravatar.com\/avatar\/b0a82cdeea4c991c9f5e48d478c4280f35078f8464c26bcedfbea5be6fc61d79?s=96&d=blank&r=g","caption":"N A"}}]}},"uagb_featured_image_src":{"full":["https:\/\/www.nadejart.fr\/wp\/wp-content\/uploads\/2016\/09\/amelie_livre_web.jpg",700,920,false],"thumbnail":["https:\/\/www.nadejart.fr\/wp\/wp-content\/uploads\/2016\/09\/amelie_livre_web-150x150.jpg",150,150,true],"medium":["https:\/\/www.nadejart.fr\/wp\/wp-content\/uploads\/2016\/09\/amelie_livre_web-228x300.jpg",228,300,true],"medium_large":["https:\/\/www.nadejart.fr\/wp\/wp-content\/uploads\/2016\/09\/amelie_livre_web.jpg",700,920,false],"large":["https:\/\/www.nadejart.fr\/wp\/wp-content\/uploads\/2016\/09\/amelie_livre_web.jpg",700,920,false],"1536x1536":["https:\/\/www.nadejart.fr\/wp\/wp-content\/uploads\/2016\/09\/amelie_livre_web.jpg",700,920,false],"2048x2048":["https:\/\/www.nadejart.fr\/wp\/wp-content\/uploads\/2016\/09\/amelie_livre_web.jpg",700,920,false],"yarpp-thumbnail":["https:\/\/www.nadejart.fr\/wp\/wp-content\/uploads\/2016\/09\/amelie_livre_web.jpg",91,120,false]},"uagb_author_info":{"display_name":"N A","author_link":"https:\/\/www.nadejart.fr\/wp"},"uagb_comment_info":1,"uagb_excerpt":"Il y a quelques mois, \u00c9lodie, une jeune \u00e9tudiante en \u00e9dition cherchait une petite \u00e9quipe (illustrateur\/auteur) pour travailler avec elle sur son projet d&rsquo;\u00e9tudes pour l&rsquo;\u00e9criture d&rsquo;un livre jeunesse.C&rsquo;est ainsi qu&rsquo;Agn\u00e8s, une jeune institutrice, s&rsquo;est mise au texte. Et moi j&rsquo;ai pr\u00eat\u00e9 mes feutres pour la r\u00e9alisation du personnage principal, la vache Am\u00e9lie. Ce f\u00fbt\u2026","_links":{"self":[{"href":"https:\/\/www.nadejart.fr\/wp\/wp-json\/wp\/v2\/posts\/320","targetHints":{"allow":["GET"]}}],"collection":[{"href":"https:\/\/www.nadejart.fr\/wp\/wp-json\/wp\/v2\/posts"}],"about":[{"href":"https:\/\/www.nadejart.fr\/wp\/wp-json\/wp\/v2\/types\/post"}],"author":[{"embeddable":true,"href":"https:\/\/www.nadejart.fr\/wp\/wp-json\/wp\/v2\/users\/2"}],"replies":[{"embeddable":true,"href":"https:\/\/www.nadejart.fr\/wp\/wp-json\/wp\/v2\/comments?post=320"}],"version-history":[{"count":1,"href":"https:\/\/www.nadejart.fr\/wp\/wp-json\/wp\/v2\/posts\/320\/revisions"}],"predecessor-version":[{"id":8284,"href":"https:\/\/www.nadejart.fr\/wp\/wp-json\/wp\/v2\/posts\/320\/revisions\/8284"}],"wp:featuredmedia":[{"embeddable":true,"href":"https:\/\/www.nadejart.fr\/wp\/wp-json\/wp\/v2\/media\/321"}],"wp:attachment":[{"href":"https:\/\/www.nadejart.fr\/wp\/wp-json\/wp\/v2\/media?parent=320"}],"wp:term":[{"taxonomy":"category","embeddable":true,"href":"https:\/\/www.nadejart.fr\/wp\/wp-json\/wp\/v2\/categories?post=320"},{"taxonomy":"post_tag","embeddable":true,"href":"https:\/\/www.nadejart.fr\/wp\/wp-json\/wp\/v2\/tags?post=320"}],"curies":[{"name":"wp","href":"https:\/\/api.w.org\/{rel}","templated":true}]}}