{"id":1638,"date":"2018-12-16T09:39:05","date_gmt":"2018-12-16T09:39:05","guid":{"rendered":"https:\/\/www.nadejart.fr\/wp-v7\/?p=1638"},"modified":"2023-08-30T15:31:34","modified_gmt":"2023-08-30T15:31:34","slug":"etre-auteur-jeunesse","status":"publish","type":"post","link":"https:\/\/www.nadejart.fr\/wp\/2018\/12\/16\/etre-auteur-jeunesse\/","title":{"rendered":"\u00catre auteur jeunesse, interview"},"content":{"rendered":"\n<p class=\"wp-block-paragraph\">Inventer et raconter des histoires, voire s&rsquo;\u00e9merveiller les plus petits, transporter les plus grands dans un monde imaginaire sans limite, faire r\u00eaver, v\u00e9hiculer une mani\u00e8re de voir la vie&#8230; De nombreuses raisons peuvent nous pousser \u00e0 vouloir \u00e9crire et\/ou dessiner pour la jeunesse, c&rsquo;est un tr\u00e8s beau terrain de jeux pour les auteurs. Mais \u00eatre auteur jeunesse ne s&rsquo;improvise pas. Il y a tout un travail derri\u00e8re et autour la cr\u00e9ation pour que le r\u00eave d&rsquo;une histoire puisse prendre son envol. Voici quelques points clefs&nbsp; sur le sujet ainsi que l&rsquo;interview (exclusif \ud83d\ude09 ! ) d&rsquo;une talentueuse auteur de livres jeunesse. <\/p>\n\n\n\n<!--more-->\n\n\n\n<div class=\"wp-block-media-text alignwide\"><figure class=\"wp-block-media-text__media\"><img loading=\"lazy\" decoding=\"async\" width=\"640\" height=\"360\" src=\"https:\/\/www.nadejart.fr\/wp\/wp-content\/uploads\/2020\/01\/storytelling-4203628_640.jpg\" alt=\"\u00eatre auteur jeunesse\" class=\"wp-image-3072 size-full\" srcset=\"https:\/\/www.nadejart.fr\/wp\/wp-content\/uploads\/2020\/01\/storytelling-4203628_640.jpg 640w, https:\/\/www.nadejart.fr\/wp\/wp-content\/uploads\/2020\/01\/storytelling-4203628_640-300x169.jpg 300w\" sizes=\"auto, (max-width: 640px) 100vw, 640px\" \/><\/figure><div class=\"wp-block-media-text__content\">\n<p class=\"has-large-font-size wp-block-paragraph\">Plan de l&rsquo;article :<\/p>\n\n\n\n<ul class=\"wp-block-list\">\n<li><a href=\"#Un-secteur-toujours-au-top\">Un secteur toujours au top<\/a><\/li>\n\n\n\n<li><a href=\"#Savoir \u00e9crire\">Savoir \u00e9crire<\/a><\/li>\n\n\n\n<li><a href=\"#interview\">L&rsquo;interview<\/a><\/li>\n\n\n\n<li><a href=\"#Pour-aller-plus-loin\">Pour aller plus loin<\/a><\/li>\n\n\n\n<li><a href=\"#Quelques-liens-utiles\">Quelques liens utiles<\/a><\/li>\n<\/ul>\n<\/div><\/div>\n\n\n\n<p class=\"has-text-align-center is-style-info coblocks-alert-paragraph wp-block-paragraph\">Vous avez plein d&rsquo;id\u00e9es et <strong>vous recherchez un illustrateur pour votre projet <\/strong>? Demandez un <a href=\"https:\/\/www.nadejart.fr\/wp\/portfolio\/trouver-un-illustrateur\/\">devis<\/a> (livre jeunesse, recueil, couverture de roman, etc.)<\/p>\n\n\n\n<h3 class=\"wp-block-heading\" id=\"Un-secteur-toujours-au-top\">Un secteur toujours au top<\/h3>\n\n\n\n<p class=\"wp-block-paragraph\">Le secteur de la litt\u00e9rature jeunesse est le deuxi\u00e8me secteur le plus important derri\u00e8re la cat\u00e9gorie \u00ab\u00a0roman\u00a0\u00bb. En 2017, les livres d\u00e9di\u00e9s au secteur jeunesse* repr\u00e9sentent 20% des exemplaires vendus (entre le top \u00e0 24% pour les romans, et devant les livres li\u00e9s \u00e0 la cat\u00e9gorie \u00ab\u00a0vie pratique, loisirs, tourisme\u00a0\u00bb avec 13%). C&rsquo;est un secteur qui ne connait pas la crise. <\/p>\n\n\n\n<p class=\"wp-block-paragraph\">Pour autant seuls 2500 auteurs parmi les 55000 r\u00e9f\u00e9renc\u00e9s sont affili\u00e9s \u00e0 l&rsquo;AGESSA (voir l&rsquo;article <a href=\"https:\/\/www.nadejart.fr\/wp\/2018\/11\/06\/artiste-peintre-amateur\/\">\u00ab\u00a0artiste amateur, comment&#8230;\u00a0\u00bb<\/a>). Ce qui repr\u00e9sente seulement 4,5% des auteurs, et ce toutes cat\u00e9gories confondues, qui peuvent pr\u00e9tendre pouvoir vivre de leurs revenus de droits d&rsquo;auteurs. Aucun titre <em>d\u00e9di\u00e9<\/em> pour la jeunesse ne figure parmi le top 30 des meilleures ventes de 2017. Pourtant le livre le plus vendu en 2017 est \u00ab\u00a0<em>Ast\u00e9rix et la Transitalique<\/em>\u00a0\u00bb qui caracole en t\u00eate avec pr\u00e8s d&rsquo;un million six cent mille exemplaires vendus (!).<\/p>\n\n\n\n<figure class=\"wp-block-image size-large is-resized\"><img loading=\"lazy\" decoding=\"async\" src=\"https:\/\/www.nadejart.fr\/wp\/wp-content\/uploads\/2018\/12\/woman-41201_1280-1024x712.png\" alt=\"auteur pour la jeunesse\" class=\"wp-image-1709\" width=\"532\" height=\"369\" srcset=\"https:\/\/www.nadejart.fr\/wp\/wp-content\/uploads\/2018\/12\/woman-41201_1280-1024x712.png 1024w, https:\/\/www.nadejart.fr\/wp\/wp-content\/uploads\/2018\/12\/woman-41201_1280-300x209.png 300w, https:\/\/www.nadejart.fr\/wp\/wp-content\/uploads\/2018\/12\/woman-41201_1280-768x534.png 768w, https:\/\/www.nadejart.fr\/wp\/wp-content\/uploads\/2018\/12\/woman-41201_1280.png 1280w\" sizes=\"auto, (max-width: 532px) 100vw, 532px\" \/><\/figure>\n\n\n\n<a href=\"https:\/\/mux.monnaiedeparis.fr\/?P51215D56FFB321113\">\n  <img decoding=\"async\" src=\"https:\/\/mux.monnaiedeparis.fr\/?a=P51215D56FFB321113\">\n<\/a>\n\n\n\n<h3 class=\"wp-block-heading\" id=\"Savoir-\u00e9crire\">Savoir \u00e9crire<\/h3>\n\n\n\n<p class=\"wp-block-paragraph\">\u00catre auteur jeunesse demande souvent d&rsquo;autres comp\u00e9tences que de la cr\u00e9ativit\u00e9 pure. Certains ont un (vrai) don pour raconter des histoires, pour y mettre les bonnes intonations, jouer avec les personnages. Mais les \u00e9crire puis les faire publier est un exercice qui demande pas mal de rigueur et d&rsquo;organisation. <br>On ne s&rsquo;improvise pas auteur du jour au lendemain. L&rsquo;envie d&rsquo;\u00e9crire ne suffit pas \u00e0 faire une bonne histoire. (De m\u00eame que le plaisir de dessiner ne suffit pas \u00e0 cr\u00e9er de bonnes illustrations !)<\/p>\n\n\n\n<h3 class=\"wp-block-heading\" id=\"interview\">\u00catre auteur jeunesse : l&rsquo;interview<\/h3>\n\n\n\n<p class=\"wp-block-paragraph\">Dans ce pari audacieux,&nbsp; j&rsquo;ai eu l&rsquo;occasion de collaborer plusieurs fois avec des auteurs jeunesse. Nous sommes souvent (du fait de nos parcours et de la difficult\u00e9 \u00e0 en vivre) des profils un peu atypiques&#8230; De ceux qui ne peuvent plus laisser leur cr\u00e9ativit\u00e9 au placard. De ceux qui ont besoin d&rsquo;\u00e9crire, <em>besoin<\/em> de dessiner. Mais aussi de ceux qui vont devoir cravacher dur pour trouver un \u00e9diteur ! Nous tentons alors ce pari (fou?) et audacieux de se lancer dans la cr\u00e9ation d&rsquo;une histoire pour la jeunesse. Et si on s&rsquo;accroche, alors de belles rencontres am\u00e8nent souvent de beaux projets.<br><\/p>\n\n\n\n<p class=\"has-border-background-color has-background wp-block-paragraph\">Voici l&rsquo;interview de <strong>Sylvie Baud-Stef<\/strong> pour nous parler de ce m\u00e9tier prenant et passionnant, mais aussi parfois difficile. Elle nous apporte son \u00e9clairage sur quelques questions clefs li\u00e9es au m\u00e9tier d&rsquo;auteur jeunesse.<\/p>\n\n\n\n<p class=\"wp-block-paragraph\"><br>Nous avons travaill\u00e9 toutes les deux sur diff\u00e9rents projets, dont le livre \u00ab\u00a0<em><strong><a href=\"https:\/\/www.nadejart.fr\/wp\/2019\/02\/25\/bzzz-bzzz\/\">L&rsquo;enfant et la mouche<\/a><\/strong><\/em>\u00a0\u00bb&nbsp; (une histoire dr\u00f4le bilingue fran\u00e7ais\/anglais, paru aux <a rel=\"noreferrer noopener\" href=\"http:\/\/www.leseditionsdelofficine.com\/produit\/371\/9782355512803\/Lenfant%20et%20la%20mouche%20-%20The%20child%20and%20the%20fly\" target=\"_blank\"><em>\u00c9ditions de l&rsquo;Officine<\/em><\/a>).<br>Elle a gentiment accept\u00e9 de nous parler de son m\u00e9tier(-passion) : <strong>\u00eatre auteur jeunesse.<\/strong><\/p>\n\n\n\n<h5 class=\"wp-block-heading\">Commen\u00e7ons par le commencement&#8230;<\/h5>\n\n\n\n<p class=\"wp-block-paragraph\"><strong>N.A : Peux tu nous pr\u00e9senter ton parcours en quelques mots ?<\/strong><\/p>\n\n\n\n<p class=\"has-light-background-background-color has-background wp-block-paragraph\"><em><strong>Sylvie B.S :<\/strong> Mon parcours est loin d&rsquo;\u00eatre rectiligne !<\/em><br><em>Quand j&rsquo;ai commenc\u00e9 \u00e0 travailler j&rsquo;\u00e9tais en fait tr\u00e8s loin de la litt\u00e9rature jeunesse. J&rsquo;exer\u00e7ais dans le domaine de la recherche en particulier sur le ma\u00efs ou sur les arbres. Je me suis ensuite reconvertie pour \u00eatre professeur des \u00e9coles. J&rsquo;ai pu alors me plonger autant que je le d\u00e9sirais dans la litt\u00e9rature jeunesse. Dans mes classes, j&rsquo;ai eu la chance de pouvoir partager ce plaisir avec mes \u00e9l\u00e8ves. Jusqu&rsquo;au jour o\u00f9 j&rsquo;ai pris mon courage d&rsquo;une main, un stylo de l&rsquo;autre et je me suis jet\u00e9e \u00e0 l&rsquo;eau.<\/em><\/p>\n\n\n\n<p class=\"wp-block-paragraph\"><strong>N.A : Qu&rsquo;est ce qui t&rsquo;a amen\u00e9 \u00e0 vouloir \u00e9crire dans le domaine de la litt\u00e9rature jeunesse ?<\/strong><\/p>\n\n\n\n<p class=\"has-light-background-background-color has-background wp-block-paragraph\"><strong><em>Sylvie B.S : <\/em><\/strong><em>Comme Ob\u00e9lix pour la potion magique, je suis tomb\u00e9e tr\u00e8s t\u00f4t dans la litt\u00e9rature jeunesse ! En fait, il y a toujours eu beaucoup de livres de tous les genres chez moi, et notamment des albums jeunesse. Quand j&rsquo;\u00e9tais jeune, j&rsquo;ai \u00e9t\u00e9 animatrice de centre vacances puis formatrice. D\u00e9j\u00e0 \u00e0 l&rsquo;\u00e9poque, j&rsquo;aimais lire, raconter des histoires ou les \u00e9couter. Cela ne m&rsquo;a jamais quitt\u00e9. Plus tard, dans le cadre de ma formation de professeur des \u00e9coles, j&rsquo;ai eu le plaisir de suivre diff\u00e9rents modules sur la litt\u00e9rature jeunesse, l&rsquo;\u00e9criture de contes&#8230;<\/em><\/p>\n\n\n\n<h5 class=\"wp-block-heading\">La journ\u00e9e \u00ab\u00a0type\u00a0\u00bb d&rsquo;un auteur ?<\/h5>\n\n\n\n<p class=\"wp-block-paragraph\"><strong>N.A : Raconte nous comment se passe ton travail d&rsquo;auteur. Par exemple une journ\u00e9e type !<\/strong><\/p>\n\n\n\n<p class=\"has-light-background-background-color has-background wp-block-paragraph\"><em><strong>Sylvie B.S :<\/strong> Il n&rsquo;y a pas vraiment de journ\u00e9e type !<\/em><br><em>Je travaille chez moi, je peux donc g\u00e9rer mon temps comme je veux. J&rsquo;essaie d&rsquo;\u00e9crire tous les jours. Mais certains sont blancs, c&rsquo;est \u00e0 dire, sans grande inspiration. Je retravaille alors plut\u00f4t des textes, fais le point sur mes envois aux \u00e9diteurs, en recherche d&rsquo;autres. Il y a aussi des p\u00e9riodes o\u00f9 une histoire est en train d&rsquo;\u00e9merger. Les id\u00e9es arrivent un peu n&rsquo;importe quand. <\/em><\/p>\n\n\n\n<p class=\"has-light-background-background-color has-background wp-block-paragraph\"><em>Je les note telles quelles, fait de la recherche documentaire pour approfondir, v\u00e9rifier certaines choses. Et enfin il y a les moments o\u00f9 je suis en pleine r\u00e9daction d&rsquo;un texte. L\u00e0 j&rsquo;ai l&rsquo;impression de l&rsquo;avoir en permanence avec moi. Je r\u00eave m\u00eame la nuit que j&rsquo;\u00e9cris, corrige, trouve d&rsquo;autres formulations, des id\u00e9es, des encha\u00eenements. Et \u00e0 mon r\u00e9veil, je me d\u00e9p\u00eache de noter le plus de choses possible avant de les oublier.<\/em><\/p>\n\n\n\n<h5 class=\"wp-block-heading\">\u00catre auteur c&rsquo;est&#8230;<\/h5>\n\n\n\n<p class=\"wp-block-paragraph\"><strong>N.A : Comment se passe ta d\u00e9marche aupr\u00e8s des \u00e9diteurs ?<\/strong><\/p>\n\n\n\n<p class=\"has-light-background-background-color has-background wp-block-paragraph\"><em><strong>Sylvie B.S :<\/strong> La plupart du temps, j&rsquo;envoie un manuscrit accompagn\u00e9 d&rsquo;un message d&rsquo;introduction. Puis, j&rsquo;attends souvent en vain ou tr\u00e8s longtemps des r\u00e9ponses \u00e9ventuelles. Il faut savoir \u00eatre tr\u00e8s tr\u00e8s patiente&#8230; Et parfois une bonne nouvelle arrive !<\/em><\/p>\n\n\n\n<p class=\"wp-block-paragraph\"><strong>N.A : L\u2019\u00e9dition jeunesse en format num\u00e9rique est en plein boum. Que penses tu de ce format ?<\/strong><\/p>\n\n\n\n<p class=\"has-light-background-background-color has-background wp-block-paragraph\"><em><strong>Sylvie B.S :<\/strong> Je trouve que tout ce qui peut inciter \u00e0 lire est tr\u00e8s bien ! De plus, le format num\u00e9rique offre des possibilit\u00e9s diff\u00e9rentes de celles du papier. Enfin, il est quand m\u00eame parfois plus pratique surtout pour les gros lecteurs, un tablette est quand m\u00eame plus facile \u00e0 transporter qu&rsquo;une valise de bouquins ! Ceci dit cela ne remplace pas le papier. Je trouve en fait que c&rsquo;est compl\u00e9mentaire.<\/em><\/p>\n\n\n\n<h5 class=\"wp-block-heading\">\u00catre auteur jeunesse, c&rsquo;est aussi&#8230;<\/h5>\n\n\n\n<p class=\"wp-block-paragraph\"><strong>N.A : Par quoi as tu \u00e9t\u00e9 le plus surprise en choisissant ce m\u00e9tier ? Un truc auquel tu ne t\u2019attendais pas du tout ?<\/strong><\/p>\n\n\n\n<p class=\"has-light-background-background-color has-background wp-block-paragraph\"><em><strong>Sylvie B.S :<\/strong> Ce n&rsquo;est pas vraiment de la surprise mais je me suis rendue compte que ce m\u00e9tier n&rsquo;est pas si solitaire que \u00e7a. Bien s\u00fbr, quand j&rsquo;\u00e9cris j&rsquo;ai besoin de calme et de solitude. Mais je suis en relation avec des illustratrices (!), des maisons d&rsquo;\u00e9dition, d&rsquo;autres auteurs. Les \u00e9changes ne sont peut \u00eatre pas toujours r\u00e9guliers et fr\u00e9quents. Mais il ne sont jamais en vain.<\/em><\/p>\n\n\n\n<p class=\"wp-block-paragraph\"><strong>N.A : Qu&rsquo;est ce que tu trouves le plus difficile ?<\/strong><\/p>\n\n\n\n<p class=\"has-light-background-background-color has-background wp-block-paragraph\"><em><strong>Sylvie B.S :<\/strong><\/em><em>Attendre des r\u00e9ponses qui n&rsquo;arrivent jamais ! C&rsquo;est usant.<\/em><\/p>\n\n\n\n<figure class=\"wp-block-image size-large\"><img loading=\"lazy\" decoding=\"async\" width=\"995\" height=\"548\" src=\"https:\/\/www.nadejart.fr\/wp\/wp-content\/uploads\/2018\/12\/chat_livres.jpg\" alt=\"\" class=\"wp-image-1719\" srcset=\"https:\/\/www.nadejart.fr\/wp\/wp-content\/uploads\/2018\/12\/chat_livres.jpg 995w, https:\/\/www.nadejart.fr\/wp\/wp-content\/uploads\/2018\/12\/chat_livres-300x165.jpg 300w, https:\/\/www.nadejart.fr\/wp\/wp-content\/uploads\/2018\/12\/chat_livres-768x423.jpg 768w\" sizes=\"auto, (max-width: 995px) 100vw, 995px\" \/><\/figure>\n\n\n\n<p class=\"wp-block-paragraph\"><strong>N.A : Quels sont tes auteurs (pour la jeunesse) pr\u00e9f\u00e9r\u00e9s ?<\/strong><\/p>\n\n\n\n<p class=\"has-light-background-background-color has-background wp-block-paragraph\"><em><strong>Sy<\/strong><\/em><em><strong>lvie B.S :<\/strong>&nbsp; J&rsquo;en aime beaucoup de tous les styles ! C\u00f4t\u00e9 album je dirais, Claude Boujon, en particulier La chaise Bleue que j&rsquo;adore, mais aussi Philippe Corentin, Gr\u00e9goire Solotareff, Claude Ponti; Thierry Lenain&#8230;J&rsquo;aime aussi les textes de Philippe Lechermeier, de Marie-Aude Murail, Hubert Ben Kemoun, Agn\u00e8s Desarthe, Suzie Morgenstern, Bernard Friot,&#8230;<\/em><\/p>\n\n\n\n<p class=\"wp-block-paragraph\"><strong>N.A : Enfin, quels conseils relatifs \u00e0 l\u2019\u00e9criture donneraient tu \u00e0 celles et ceux qui (un peu comme nous!) souhaitent prendre le train en marche ?<\/strong><\/p>\n\n\n\n<p class=\"has-light-background-background-color has-background has-small-font-size wp-block-paragraph\"><em><strong>Sylvie B.S : <\/strong>La r\u00e8gle des 3 P !<\/em><br><em>&#8211; ne pas bouder son plaisir !<\/em><br><em>&#8211; pers\u00e9v\u00e9rer !<\/em><br><em>&#8211; savoir \u00eatre patient&#8230; tr\u00e8s patient !<\/em><\/p>\n\n\n\n<h5 class=\"wp-block-heading\">Le mot de la <s>faim<\/s> fin \ud83d\ude09<\/h5>\n\n\n\n<p class=\"wp-block-paragraph\"><strong>N.A : Pour clore ce sujet, je vais te demander un petit exercice de style : \u00e9crire une seule et unique belle phrase qui contient ton l\u00e9gume pr\u00e9f\u00e9r\u00e9 \ud83d\ude42<br><\/strong><\/p>\n\n\n\n<p class=\"has-light-background-background-color has-background wp-block-paragraph\"><em><strong>Sylvie B.S :<\/strong><\/em><em> \u00d4 tomate, ta couleur me tente, tes rondeurs me charment, ton odeur m&rsquo;invite, ta saveur m&rsquo;enchante, ton souvenir me hante !<br><\/em><\/p>\n\n\n\n<p class=\"wp-block-paragraph\">Son blog : <a href=\"http:\/\/plumedemouche.monsite-orange.fr\">http:\/\/plumedemouche.monsite-orange.fr<\/a><br>(Il faut aller voir son blog pour voir ses nombreuses parutions \ud83d\ude42 )<br>et pour contribuer \u00e0 la sortie de son livre \u00ab\u00a0Les aventures du Sotr\u00e9, un lutin malicieux\u00a0\u00bb c&rsquo;est par l\u00e0 : <a href=\"https:\/\/www.simply-crowd.com\/produit\/les-aventures-du-sotre-un-lutin-malicieux\/\">https:\/\/www.simply-crowd.com\/produit\/les-aventures-du-sotre-un-lutin-malicieux\/<\/a><\/p>\n\n\n\n<p class=\"wp-block-paragraph\">Quelques histoires anim\u00e9es :<\/p>\n\n\n\n<ul class=\"wp-block-list\">\n<li><a href=\"https:\/\/www.whisperies.com\/fiche\/la-verite-sur-l-histoire-de-la-souris-verte\" target=\"_blank\" rel=\"noreferrer noopener\">La v\u00e9rit\u00e9 sur l&rsquo;histoire de la souris verte<\/a><\/li>\n\n\n\n<li><a href=\"https:\/\/www.whisperies.com\/fiche\/la-petite-sirene-qui-voulait-apprendre-a-chanter\" target=\"_blank\" rel=\"noreferrer noopener\">La petite sir\u00e8ne qui voulait apprendre \u00e0 chanter<\/a><\/li>\n<\/ul>\n\n\n\n<h3 class=\"wp-block-heading\" id=\"Pour-aller-plus-loin\">Pour aller plus loin<\/h3>\n\n\n\n<p class=\"wp-block-paragraph\">Pour d\u00e9couvrir les nouvelles p\u00e9pites de la litt\u00e9rature jeunesse : il y a l&rsquo;incontournable <a rel=\"noreferrer noopener\" href=\"http:\/\/slpjplus.fr\/\" target=\"_blank\">salon du livre et de la presse<\/a> jeunesse qui se d\u00e9roule chaque ann\u00e9e(vers la fin d&rsquo;ann\u00e9e) \u00e0 Montreuil (93). Loin d&rsquo;un temps o\u00f9 ce salon se d\u00e9roulait sous un petit chapiteau sur la place devant la mairie, il y a maintenant pr\u00e8s de 3000 acteurs autour du livre et des milliers de visiteurs chaque ann\u00e9e.<\/p>\n\n\n\n<p class=\"wp-block-paragraph\"><br>De nombreux autres salon du livre ont lieu \u00e0 travers toutes la France, tout au long de l&rsquo;ann\u00e9e. Ces salons permettent d&rsquo;aller \u00e0 la rencontre des professionnels du secteurs (auteurs, illustrateurs et surtout \u00e9diteurs). Par contre, lors d&rsquo;un salon comme celui de Montreuil il n&rsquo;est pas (plus) possible d&rsquo;y aller avec son book sous le bras et le regard plein d&rsquo;espoir pour esp\u00e9rer \u00e9changer avec les \u00e9diteurs&#8230; Si vous \u00eates jeune auteur il faut prendre rendez-vous pour des sessions de rencontres. Il s&rsquo;agit peut \u00eatre plus de d\u00e9couvrir de nouveaux livres, plus que de d\u00e9marcher professionnellement&#8230;<\/p>\n\n\n\n<p class=\"wp-block-paragraph\"><br>Les salons plus petits sont beaucoup plus propices \u00e0 l&rsquo;\u00e9change, je pense \u00e0 celui de <a href=\"http:\/\/www.salondulivredekercabellec.sitew.com\/Salon_2018.B.htm#Salon_2018.B\">Kercabellec<\/a> par exemple, m\u00eame s&rsquo;il n&rsquo;est pas d\u00e9di\u00e9 jeunesse j&rsquo;avais eu l&rsquo;occasion d&rsquo;\u00e9changer avec une illustratrice et au moins deux \u00e9ditrices. Pour ceux qui souhaitent se lancer pour \u00eatre auteur jeunesse, les salons restent un bon moyen de prendre la \u00ab\u00a0temp\u00e9rature\u00a0\u00bb du secteur.<\/p>\n\n\n\n<figure class=\"wp-block-image alignnone is-resized wp-image-1651\"><img loading=\"lazy\" decoding=\"async\" src=\"https:\/\/www.nadejart.fr\/wp\/wp-content\/uploads\/2018\/11\/Jean-Jacques-de-Boissieu-ecrivain-public.jpg\" alt=\"\" class=\"wp-image-1651\" width=\"588\" height=\"554\" srcset=\"https:\/\/www.nadejart.fr\/wp\/wp-content\/uploads\/2018\/11\/Jean-Jacques-de-Boissieu-ecrivain-public.jpg 1000w, https:\/\/www.nadejart.fr\/wp\/wp-content\/uploads\/2018\/11\/Jean-Jacques-de-Boissieu-ecrivain-public-300x283.jpg 300w, https:\/\/www.nadejart.fr\/wp\/wp-content\/uploads\/2018\/11\/Jean-Jacques-de-Boissieu-ecrivain-public-768x723.jpg 768w\" sizes=\"auto, (max-width: 588px) 100vw, 588px\" \/><figcaption class=\"wp-element-caption\">L&rsquo;\u00e9crivain public (Extrait) &#8211; Jean Jacques de Boissieu &#8211; Gravure &#8211; 1790 -Metropolitan Museum of New-York<\/figcaption><\/figure>\n\n\n\n<h3 class=\"wp-block-heading\" id=\"Quelques-liens-utiles\">Quelques liens utiles<\/h3>\n\n\n\n<ul class=\"wp-block-list\">\n<li>Le site du <a rel=\"noreferrer noopener\" href=\"http:\/\/livre-jeunesse.forumactif.com\/\" target=\"_blank\">forum du livre jeunesse<\/a><\/li>\n\n\n\n<li>Le site de <a rel=\"noreferrer noopener\" href=\"http:\/\/la-charte.fr\/\" target=\"_blank\">la Charte des auteurs et illustrateurs jeunesse<\/a><\/li>\n\n\n\n<li>Des foires au tandem (rencontre de couples auteur\/illustrateur pour projet de litt\u00e9rature jeunesse) organis\u00e9s par les illustrateurs eux-m\u00eames (enfin&#8230; surtout les illustratrices \ud83d\ude09 )&nbsp; (<a rel=\"noreferrer noopener\" href=\"http:\/\/le-wonderblog.blogspot.com\/2018\/05\/sortez-vos-tandems.html\" target=\"_blank\">Alice in Wonderblog<\/a>,&nbsp; <a rel=\"noreferrer noopener\" href=\"http:\/\/fees-et-geste.blogspot.com\/\" target=\"_blank\">F\u00e9es et gestes<\/a>&#8230;)<\/li>\n\n\n\n<li><a href=\"https:\/\/www.nadejart.fr\/wp\/2019\/05\/24\/etre-auteur-jeunesse-choisir-lautoedition\/\">\u00catre auteur et choisir l&rsquo;auto\u00e9dition, interview<\/a><\/li>\n\n\n\n<li><a href=\"https:\/\/ligue.auteurs.pro\/\" target=\"_blank\" rel=\"noreferrer noopener\">La ligue des auteurs professionnels<\/a><\/li>\n<\/ul>\n\n\n\n<p class=\"wp-block-paragraph\"><em>Article mis \u00e0 jour le 17\/08\/2022<\/em><\/p>\n\n\n\n<p class=\"wp-block-paragraph\"><em>*source : http:\/\/www.culture.gouv.fr\/Thematiques\/Livre-et-Lecture\/Economie-du-livre<br>Cr\u00e9dit photos : Pixabay<\/em><\/p>\n\n\n","protected":false},"excerpt":{"rendered":"<p>Interview d&rsquo;une auteur pour la jeunesse qui nous livre sa r\u00e8gle des 3 P !<br \/>\n&#8211; ne pas bouder son plaisir !<br \/>\n&#8211; pers\u00e9v\u00e9rer !<br \/>\n&#8211; savoir \u00eatre patient&#8230; tr\u00e8s patient !<\/p>\n","protected":false},"author":2,"featured_media":1652,"comment_status":"open","ping_status":"open","sticky":false,"template":"","format":"standard","meta":{"_coblocks_attr":"","_coblocks_dimensions":"","_coblocks_responsive_height":"","_coblocks_accordion_ie_support":"","_crdt_document":"","_uag_custom_page_level_css":"","_monsterinsights_skip_tracking":false,"_monsterinsights_sitenote_active":false,"_monsterinsights_sitenote_note":"","_monsterinsights_sitenote_category":0,"footnotes":""},"categories":[2],"tags":[31,95,97,144,158],"class_list":["post-1638","post","type-post","status-publish","format-standard","has-post-thumbnail","hentry","category-blog","tag-auteur","tag-ecrire","tag-edition","tag-jeunesse","tag-livre"],"yoast_head":"<!-- This site is optimized with the Yoast SEO plugin v27.4 - https:\/\/yoast.com\/product\/yoast-seo-wordpress\/ -->\n<title>\u00catre auteur jeunesse, interview - Auteur en litt\u00e9rature jeunesse<\/title>\n<meta name=\"description\" content=\"Inventer et raconter des histoires. Voici des points clefs pour aborder quelques unes des facettes d&#039;un m\u00e9tier(-passion): \u00eatre auteur jeunesse.\" \/>\n<meta name=\"robots\" content=\"index, follow, max-snippet:-1, max-image-preview:large, max-video-preview:-1\" \/>\n<link rel=\"canonical\" href=\"https:\/\/www.nadejart.fr\/wp\/2018\/12\/16\/etre-auteur-jeunesse\/\" \/>\n<meta property=\"og:locale\" content=\"fr_FR\" \/>\n<meta property=\"og:type\" content=\"article\" \/>\n<meta property=\"og:title\" content=\"\u00catre auteur jeunesse, interview - Auteur en litt\u00e9rature jeunesse\" \/>\n<meta property=\"og:description\" content=\"Inventer et raconter des histoires. Voici des points clefs pour aborder quelques unes des facettes d&#039;un m\u00e9tier(-passion): \u00eatre auteur jeunesse.\" \/>\n<meta property=\"og:url\" content=\"https:\/\/www.nadejart.fr\/wp\/2018\/12\/16\/etre-auteur-jeunesse\/\" \/>\n<meta property=\"og:site_name\" content=\"Nadej&#039;Art\" \/>\n<meta property=\"article:published_time\" content=\"2018-12-16T09:39:05+00:00\" \/>\n<meta property=\"article:modified_time\" content=\"2023-08-30T15:31:34+00:00\" \/>\n<meta property=\"og:image\" content=\"https:\/\/www.nadejart.fr\/wp\/wp-content\/uploads\/2018\/11\/narrative-794978_1920.jpg\" \/>\n\t<meta property=\"og:image:width\" content=\"1920\" \/>\n\t<meta property=\"og:image:height\" content=\"1080\" \/>\n\t<meta property=\"og:image:type\" content=\"image\/jpeg\" \/>\n<meta name=\"author\" content=\"N A\" \/>\n<meta name=\"twitter:card\" content=\"summary_large_image\" \/>\n<meta name=\"twitter:label1\" content=\"\u00c9crit par\" \/>\n\t<meta name=\"twitter:data1\" content=\"N A\" \/>\n\t<meta name=\"twitter:label2\" content=\"Dur\u00e9e de lecture estim\u00e9e\" \/>\n\t<meta name=\"twitter:data2\" content=\"10 minutes\" \/>\n<script type=\"application\/ld+json\" class=\"yoast-schema-graph\">{\"@context\":\"https:\\\/\\\/schema.org\",\"@graph\":[{\"@type\":\"Article\",\"@id\":\"https:\\\/\\\/www.nadejart.fr\\\/wp\\\/2018\\\/12\\\/16\\\/etre-auteur-jeunesse\\\/#article\",\"isPartOf\":{\"@id\":\"https:\\\/\\\/www.nadejart.fr\\\/wp\\\/2018\\\/12\\\/16\\\/etre-auteur-jeunesse\\\/\"},\"author\":{\"name\":\"N A\",\"@id\":\"https:\\\/\\\/www.nadejart.fr\\\/wp\\\/#\\\/schema\\\/person\\\/f83242257d6ef99d5e3838aeccf91fcd\"},\"headline\":\"\u00catre auteur jeunesse, interview\",\"datePublished\":\"2018-12-16T09:39:05+00:00\",\"dateModified\":\"2023-08-30T15:31:34+00:00\",\"mainEntityOfPage\":{\"@id\":\"https:\\\/\\\/www.nadejart.fr\\\/wp\\\/2018\\\/12\\\/16\\\/etre-auteur-jeunesse\\\/\"},\"wordCount\":1956,\"commentCount\":0,\"publisher\":{\"@id\":\"https:\\\/\\\/www.nadejart.fr\\\/wp\\\/#organization\"},\"image\":{\"@id\":\"https:\\\/\\\/www.nadejart.fr\\\/wp\\\/2018\\\/12\\\/16\\\/etre-auteur-jeunesse\\\/#primaryimage\"},\"thumbnailUrl\":\"https:\\\/\\\/www.nadejart.fr\\\/wp\\\/wp-content\\\/uploads\\\/2018\\\/11\\\/narrative-794978_1920.jpg\",\"keywords\":[\"auteur\",\"\u00e9crire\",\"\u00e9dition\",\"jeunesse\",\"livre\"],\"articleSection\":[\"Actualit\u00e9s\"],\"inLanguage\":\"fr-FR\",\"potentialAction\":[{\"@type\":\"CommentAction\",\"name\":\"Comment\",\"target\":[\"https:\\\/\\\/www.nadejart.fr\\\/wp\\\/2018\\\/12\\\/16\\\/etre-auteur-jeunesse\\\/#respond\"]}]},{\"@type\":\"WebPage\",\"@id\":\"https:\\\/\\\/www.nadejart.fr\\\/wp\\\/2018\\\/12\\\/16\\\/etre-auteur-jeunesse\\\/\",\"url\":\"https:\\\/\\\/www.nadejart.fr\\\/wp\\\/2018\\\/12\\\/16\\\/etre-auteur-jeunesse\\\/\",\"name\":\"\u00catre auteur jeunesse, interview - Auteur en litt\u00e9rature jeunesse\",\"isPartOf\":{\"@id\":\"https:\\\/\\\/www.nadejart.fr\\\/wp\\\/#website\"},\"primaryImageOfPage\":{\"@id\":\"https:\\\/\\\/www.nadejart.fr\\\/wp\\\/2018\\\/12\\\/16\\\/etre-auteur-jeunesse\\\/#primaryimage\"},\"image\":{\"@id\":\"https:\\\/\\\/www.nadejart.fr\\\/wp\\\/2018\\\/12\\\/16\\\/etre-auteur-jeunesse\\\/#primaryimage\"},\"thumbnailUrl\":\"https:\\\/\\\/www.nadejart.fr\\\/wp\\\/wp-content\\\/uploads\\\/2018\\\/11\\\/narrative-794978_1920.jpg\",\"datePublished\":\"2018-12-16T09:39:05+00:00\",\"dateModified\":\"2023-08-30T15:31:34+00:00\",\"description\":\"Inventer et raconter des histoires. Voici des points clefs pour aborder quelques unes des facettes d'un m\u00e9tier(-passion): \u00eatre auteur jeunesse.\",\"breadcrumb\":{\"@id\":\"https:\\\/\\\/www.nadejart.fr\\\/wp\\\/2018\\\/12\\\/16\\\/etre-auteur-jeunesse\\\/#breadcrumb\"},\"inLanguage\":\"fr-FR\",\"potentialAction\":[{\"@type\":\"ReadAction\",\"target\":[\"https:\\\/\\\/www.nadejart.fr\\\/wp\\\/2018\\\/12\\\/16\\\/etre-auteur-jeunesse\\\/\"]}]},{\"@type\":\"ImageObject\",\"inLanguage\":\"fr-FR\",\"@id\":\"https:\\\/\\\/www.nadejart.fr\\\/wp\\\/2018\\\/12\\\/16\\\/etre-auteur-jeunesse\\\/#primaryimage\",\"url\":\"https:\\\/\\\/www.nadejart.fr\\\/wp\\\/wp-content\\\/uploads\\\/2018\\\/11\\\/narrative-794978_1920.jpg\",\"contentUrl\":\"https:\\\/\\\/www.nadejart.fr\\\/wp\\\/wp-content\\\/uploads\\\/2018\\\/11\\\/narrative-794978_1920.jpg\",\"width\":1920,\"height\":1080},{\"@type\":\"BreadcrumbList\",\"@id\":\"https:\\\/\\\/www.nadejart.fr\\\/wp\\\/2018\\\/12\\\/16\\\/etre-auteur-jeunesse\\\/#breadcrumb\",\"itemListElement\":[{\"@type\":\"ListItem\",\"position\":1,\"name\":\"Accueil\",\"item\":\"https:\\\/\\\/www.nadejart.fr\\\/wp\\\/\"},{\"@type\":\"ListItem\",\"position\":2,\"name\":\"\u00catre auteur jeunesse, interview\"}]},{\"@type\":\"WebSite\",\"@id\":\"https:\\\/\\\/www.nadejart.fr\\\/wp\\\/#website\",\"url\":\"https:\\\/\\\/www.nadejart.fr\\\/wp\\\/\",\"name\":\"Nadej'Art\",\"description\":\"\",\"publisher\":{\"@id\":\"https:\\\/\\\/www.nadejart.fr\\\/wp\\\/#organization\"},\"alternateName\":\"Nadej Art\",\"potentialAction\":[{\"@type\":\"SearchAction\",\"target\":{\"@type\":\"EntryPoint\",\"urlTemplate\":\"https:\\\/\\\/www.nadejart.fr\\\/wp\\\/?s={search_term_string}\"},\"query-input\":{\"@type\":\"PropertyValueSpecification\",\"valueRequired\":true,\"valueName\":\"search_term_string\"}}],\"inLanguage\":\"fr-FR\"},{\"@type\":\"Organization\",\"@id\":\"https:\\\/\\\/www.nadejart.fr\\\/wp\\\/#organization\",\"name\":\"Nadej'Art\",\"url\":\"https:\\\/\\\/www.nadejart.fr\\\/wp\\\/\",\"logo\":{\"@type\":\"ImageObject\",\"inLanguage\":\"fr-FR\",\"@id\":\"https:\\\/\\\/www.nadejart.fr\\\/wp\\\/#\\\/schema\\\/logo\\\/image\\\/\",\"url\":\"https:\\\/\\\/www.nadejart.fr\\\/wp\\\/wp-content\\\/uploads\\\/2020\\\/10\\\/cropped-logo-nadejart.png\",\"contentUrl\":\"https:\\\/\\\/www.nadejart.fr\\\/wp\\\/wp-content\\\/uploads\\\/2020\\\/10\\\/cropped-logo-nadejart.png\",\"width\":512,\"height\":512,\"caption\":\"Nadej'Art\"},\"image\":{\"@id\":\"https:\\\/\\\/www.nadejart.fr\\\/wp\\\/#\\\/schema\\\/logo\\\/image\\\/\"}},{\"@type\":\"Person\",\"@id\":\"https:\\\/\\\/www.nadejart.fr\\\/wp\\\/#\\\/schema\\\/person\\\/f83242257d6ef99d5e3838aeccf91fcd\",\"name\":\"N A\",\"image\":{\"@type\":\"ImageObject\",\"inLanguage\":\"fr-FR\",\"@id\":\"https:\\\/\\\/secure.gravatar.com\\\/avatar\\\/b0a82cdeea4c991c9f5e48d478c4280f35078f8464c26bcedfbea5be6fc61d79?s=96&d=blank&r=g\",\"url\":\"https:\\\/\\\/secure.gravatar.com\\\/avatar\\\/b0a82cdeea4c991c9f5e48d478c4280f35078f8464c26bcedfbea5be6fc61d79?s=96&d=blank&r=g\",\"contentUrl\":\"https:\\\/\\\/secure.gravatar.com\\\/avatar\\\/b0a82cdeea4c991c9f5e48d478c4280f35078f8464c26bcedfbea5be6fc61d79?s=96&d=blank&r=g\",\"caption\":\"N A\"}}]}<\/script>\n<!-- \/ Yoast SEO plugin. -->","yoast_head_json":{"title":"\u00catre auteur jeunesse, interview - Auteur en litt\u00e9rature jeunesse","description":"Inventer et raconter des histoires. Voici des points clefs pour aborder quelques unes des facettes d'un m\u00e9tier(-passion): \u00eatre auteur jeunesse.","robots":{"index":"index","follow":"follow","max-snippet":"max-snippet:-1","max-image-preview":"max-image-preview:large","max-video-preview":"max-video-preview:-1"},"canonical":"https:\/\/www.nadejart.fr\/wp\/2018\/12\/16\/etre-auteur-jeunesse\/","og_locale":"fr_FR","og_type":"article","og_title":"\u00catre auteur jeunesse, interview - Auteur en litt\u00e9rature jeunesse","og_description":"Inventer et raconter des histoires. Voici des points clefs pour aborder quelques unes des facettes d'un m\u00e9tier(-passion): \u00eatre auteur jeunesse.","og_url":"https:\/\/www.nadejart.fr\/wp\/2018\/12\/16\/etre-auteur-jeunesse\/","og_site_name":"Nadej&#039;Art","article_published_time":"2018-12-16T09:39:05+00:00","article_modified_time":"2023-08-30T15:31:34+00:00","og_image":[{"width":1920,"height":1080,"url":"https:\/\/www.nadejart.fr\/wp\/wp-content\/uploads\/2018\/11\/narrative-794978_1920.jpg","type":"image\/jpeg"}],"author":"N A","twitter_card":"summary_large_image","twitter_misc":{"\u00c9crit par":"N A","Dur\u00e9e de lecture estim\u00e9e":"10 minutes"},"schema":{"@context":"https:\/\/schema.org","@graph":[{"@type":"Article","@id":"https:\/\/www.nadejart.fr\/wp\/2018\/12\/16\/etre-auteur-jeunesse\/#article","isPartOf":{"@id":"https:\/\/www.nadejart.fr\/wp\/2018\/12\/16\/etre-auteur-jeunesse\/"},"author":{"name":"N A","@id":"https:\/\/www.nadejart.fr\/wp\/#\/schema\/person\/f83242257d6ef99d5e3838aeccf91fcd"},"headline":"\u00catre auteur jeunesse, interview","datePublished":"2018-12-16T09:39:05+00:00","dateModified":"2023-08-30T15:31:34+00:00","mainEntityOfPage":{"@id":"https:\/\/www.nadejart.fr\/wp\/2018\/12\/16\/etre-auteur-jeunesse\/"},"wordCount":1956,"commentCount":0,"publisher":{"@id":"https:\/\/www.nadejart.fr\/wp\/#organization"},"image":{"@id":"https:\/\/www.nadejart.fr\/wp\/2018\/12\/16\/etre-auteur-jeunesse\/#primaryimage"},"thumbnailUrl":"https:\/\/www.nadejart.fr\/wp\/wp-content\/uploads\/2018\/11\/narrative-794978_1920.jpg","keywords":["auteur","\u00e9crire","\u00e9dition","jeunesse","livre"],"articleSection":["Actualit\u00e9s"],"inLanguage":"fr-FR","potentialAction":[{"@type":"CommentAction","name":"Comment","target":["https:\/\/www.nadejart.fr\/wp\/2018\/12\/16\/etre-auteur-jeunesse\/#respond"]}]},{"@type":"WebPage","@id":"https:\/\/www.nadejart.fr\/wp\/2018\/12\/16\/etre-auteur-jeunesse\/","url":"https:\/\/www.nadejart.fr\/wp\/2018\/12\/16\/etre-auteur-jeunesse\/","name":"\u00catre auteur jeunesse, interview - Auteur en litt\u00e9rature jeunesse","isPartOf":{"@id":"https:\/\/www.nadejart.fr\/wp\/#website"},"primaryImageOfPage":{"@id":"https:\/\/www.nadejart.fr\/wp\/2018\/12\/16\/etre-auteur-jeunesse\/#primaryimage"},"image":{"@id":"https:\/\/www.nadejart.fr\/wp\/2018\/12\/16\/etre-auteur-jeunesse\/#primaryimage"},"thumbnailUrl":"https:\/\/www.nadejart.fr\/wp\/wp-content\/uploads\/2018\/11\/narrative-794978_1920.jpg","datePublished":"2018-12-16T09:39:05+00:00","dateModified":"2023-08-30T15:31:34+00:00","description":"Inventer et raconter des histoires. Voici des points clefs pour aborder quelques unes des facettes d'un m\u00e9tier(-passion): \u00eatre auteur jeunesse.","breadcrumb":{"@id":"https:\/\/www.nadejart.fr\/wp\/2018\/12\/16\/etre-auteur-jeunesse\/#breadcrumb"},"inLanguage":"fr-FR","potentialAction":[{"@type":"ReadAction","target":["https:\/\/www.nadejart.fr\/wp\/2018\/12\/16\/etre-auteur-jeunesse\/"]}]},{"@type":"ImageObject","inLanguage":"fr-FR","@id":"https:\/\/www.nadejart.fr\/wp\/2018\/12\/16\/etre-auteur-jeunesse\/#primaryimage","url":"https:\/\/www.nadejart.fr\/wp\/wp-content\/uploads\/2018\/11\/narrative-794978_1920.jpg","contentUrl":"https:\/\/www.nadejart.fr\/wp\/wp-content\/uploads\/2018\/11\/narrative-794978_1920.jpg","width":1920,"height":1080},{"@type":"BreadcrumbList","@id":"https:\/\/www.nadejart.fr\/wp\/2018\/12\/16\/etre-auteur-jeunesse\/#breadcrumb","itemListElement":[{"@type":"ListItem","position":1,"name":"Accueil","item":"https:\/\/www.nadejart.fr\/wp\/"},{"@type":"ListItem","position":2,"name":"\u00catre auteur jeunesse, interview"}]},{"@type":"WebSite","@id":"https:\/\/www.nadejart.fr\/wp\/#website","url":"https:\/\/www.nadejart.fr\/wp\/","name":"Nadej'Art","description":"","publisher":{"@id":"https:\/\/www.nadejart.fr\/wp\/#organization"},"alternateName":"Nadej Art","potentialAction":[{"@type":"SearchAction","target":{"@type":"EntryPoint","urlTemplate":"https:\/\/www.nadejart.fr\/wp\/?s={search_term_string}"},"query-input":{"@type":"PropertyValueSpecification","valueRequired":true,"valueName":"search_term_string"}}],"inLanguage":"fr-FR"},{"@type":"Organization","@id":"https:\/\/www.nadejart.fr\/wp\/#organization","name":"Nadej'Art","url":"https:\/\/www.nadejart.fr\/wp\/","logo":{"@type":"ImageObject","inLanguage":"fr-FR","@id":"https:\/\/www.nadejart.fr\/wp\/#\/schema\/logo\/image\/","url":"https:\/\/www.nadejart.fr\/wp\/wp-content\/uploads\/2020\/10\/cropped-logo-nadejart.png","contentUrl":"https:\/\/www.nadejart.fr\/wp\/wp-content\/uploads\/2020\/10\/cropped-logo-nadejart.png","width":512,"height":512,"caption":"Nadej'Art"},"image":{"@id":"https:\/\/www.nadejart.fr\/wp\/#\/schema\/logo\/image\/"}},{"@type":"Person","@id":"https:\/\/www.nadejart.fr\/wp\/#\/schema\/person\/f83242257d6ef99d5e3838aeccf91fcd","name":"N A","image":{"@type":"ImageObject","inLanguage":"fr-FR","@id":"https:\/\/secure.gravatar.com\/avatar\/b0a82cdeea4c991c9f5e48d478c4280f35078f8464c26bcedfbea5be6fc61d79?s=96&d=blank&r=g","url":"https:\/\/secure.gravatar.com\/avatar\/b0a82cdeea4c991c9f5e48d478c4280f35078f8464c26bcedfbea5be6fc61d79?s=96&d=blank&r=g","contentUrl":"https:\/\/secure.gravatar.com\/avatar\/b0a82cdeea4c991c9f5e48d478c4280f35078f8464c26bcedfbea5be6fc61d79?s=96&d=blank&r=g","caption":"N A"}}]}},"uagb_featured_image_src":{"full":["https:\/\/www.nadejart.fr\/wp\/wp-content\/uploads\/2018\/11\/narrative-794978_1920.jpg",1920,1080,false],"thumbnail":["https:\/\/www.nadejart.fr\/wp\/wp-content\/uploads\/2018\/11\/narrative-794978_1920-150x150.jpg",150,150,true],"medium":["https:\/\/www.nadejart.fr\/wp\/wp-content\/uploads\/2018\/11\/narrative-794978_1920-300x169.jpg",300,169,true],"medium_large":["https:\/\/www.nadejart.fr\/wp\/wp-content\/uploads\/2018\/11\/narrative-794978_1920-768x432.jpg",768,432,true],"large":["https:\/\/www.nadejart.fr\/wp\/wp-content\/uploads\/2018\/11\/narrative-794978_1920-1024x576.jpg",1024,576,true],"1536x1536":["https:\/\/www.nadejart.fr\/wp\/wp-content\/uploads\/2018\/11\/narrative-794978_1920-1536x864.jpg",1536,864,true],"2048x2048":["https:\/\/www.nadejart.fr\/wp\/wp-content\/uploads\/2018\/11\/narrative-794978_1920.jpg",1920,1080,false],"yarpp-thumbnail":["https:\/\/www.nadejart.fr\/wp\/wp-content\/uploads\/2018\/11\/narrative-794978_1920.jpg",120,68,false]},"uagb_author_info":{"display_name":"N A","author_link":"https:\/\/www.nadejart.fr\/wp"},"uagb_comment_info":0,"uagb_excerpt":"Interview d'une auteur pour la jeunesse qui nous livre sa r\u00e8gle des 3 P ! - ne pas bouder son plaisir ! - pers\u00e9v\u00e9rer ! - savoir \u00eatre patient... tr\u00e8s patient !","_links":{"self":[{"href":"https:\/\/www.nadejart.fr\/wp\/wp-json\/wp\/v2\/posts\/1638","targetHints":{"allow":["GET"]}}],"collection":[{"href":"https:\/\/www.nadejart.fr\/wp\/wp-json\/wp\/v2\/posts"}],"about":[{"href":"https:\/\/www.nadejart.fr\/wp\/wp-json\/wp\/v2\/types\/post"}],"author":[{"embeddable":true,"href":"https:\/\/www.nadejart.fr\/wp\/wp-json\/wp\/v2\/users\/2"}],"replies":[{"embeddable":true,"href":"https:\/\/www.nadejart.fr\/wp\/wp-json\/wp\/v2\/comments?post=1638"}],"version-history":[{"count":1,"href":"https:\/\/www.nadejart.fr\/wp\/wp-json\/wp\/v2\/posts\/1638\/revisions"}],"predecessor-version":[{"id":8246,"href":"https:\/\/www.nadejart.fr\/wp\/wp-json\/wp\/v2\/posts\/1638\/revisions\/8246"}],"wp:featuredmedia":[{"embeddable":true,"href":"https:\/\/www.nadejart.fr\/wp\/wp-json\/wp\/v2\/media\/1652"}],"wp:attachment":[{"href":"https:\/\/www.nadejart.fr\/wp\/wp-json\/wp\/v2\/media?parent=1638"}],"wp:term":[{"taxonomy":"category","embeddable":true,"href":"https:\/\/www.nadejart.fr\/wp\/wp-json\/wp\/v2\/categories?post=1638"},{"taxonomy":"post_tag","embeddable":true,"href":"https:\/\/www.nadejart.fr\/wp\/wp-json\/wp\/v2\/tags?post=1638"}],"curies":[{"name":"wp","href":"https:\/\/api.w.org\/{rel}","templated":true}]}}