{"id":1536,"date":"2018-11-12T09:47:37","date_gmt":"2018-11-12T09:47:37","guid":{"rendered":"https:\/\/www.nadejart.fr\/wp-v7\/?p=1536"},"modified":"2023-08-30T15:32:06","modified_gmt":"2023-08-30T15:32:06","slug":"aquarelle-automne","status":"publish","type":"post","link":"https:\/\/www.nadejart.fr\/wp\/2018\/11\/12\/aquarelle-automne\/","title":{"rendered":"Aquarelle automne"},"content":{"rendered":"\n<!--more-->\n\n\n\n<figure class=\"wp-block-image alignnone wp-image-1538 size-full\"><img loading=\"lazy\" decoding=\"async\" width=\"1000\" height=\"595\" src=\"https:\/\/www.nadejart.fr\/wp\/wp-content\/uploads\/2018\/11\/aquarelle-automne.jpg\" alt=\"\" class=\"wp-image-1538\" srcset=\"https:\/\/www.nadejart.fr\/wp\/wp-content\/uploads\/2018\/11\/aquarelle-automne.jpg 1000w, https:\/\/www.nadejart.fr\/wp\/wp-content\/uploads\/2018\/11\/aquarelle-automne-300x179.jpg 300w, https:\/\/www.nadejart.fr\/wp\/wp-content\/uploads\/2018\/11\/aquarelle-automne-768x457.jpg 768w\" sizes=\"auto, (max-width: 1000px) 100vw, 1000px\" \/><figcaption class=\"wp-element-caption\">Aquarelle, arbres d&rsquo;automne &#8211; 2018, Nadej<\/figcaption><\/figure>\n\n\n\n<p class=\"wp-block-paragraph\">Une petite aquarelle aux couleurs de l&rsquo;automne.<\/p>\n\n\n\n<p class=\"wp-block-paragraph\">En laissant fuser le pigment il s&rsquo;est pass\u00e9 des \u00ab\u00a0<em>choses int\u00e9ressantes<\/em>\u00ab\u00a0, notamment au niveau des ramures. Je n&rsquo;ai pas chercher \u00e0 contr\u00f4ler cette partie mais plut\u00f4t \u00e0 travailler avec en redessinant la base des formes des troncs d&rsquo;arbres.<\/p>\n\n\n\n<p class=\"wp-block-paragraph\">D&rsquo;autres effets int\u00e9ressants en laissant fuser l&rsquo;eau et les pigments :<\/p>\n\n\n\n<figure class=\"wp-block-image is-resized\"><img loading=\"lazy\" decoding=\"async\" src=\"https:\/\/www.nadejart.fr\/wp\/wp-content\/uploads\/2018\/11\/aquarelle-fleurs-rouge.jpg\" alt=\"\" class=\"wp-image-1558\" style=\"width:260px;height:350px\" width=\"260\" height=\"350\" srcset=\"https:\/\/www.nadejart.fr\/wp\/wp-content\/uploads\/2018\/11\/aquarelle-fleurs-rouge.jpg 520w, https:\/\/www.nadejart.fr\/wp\/wp-content\/uploads\/2018\/11\/aquarelle-fleurs-rouge-223x300.jpg 223w\" sizes=\"auto, (max-width: 260px) 100vw, 260px\" \/><\/figure>\n\n\n\n<p class=\"wp-block-paragraph\">Une autre, en bouquet l\u00e0 aussi en retravaillant ci et l\u00e0 les formes&nbsp; :<\/p>\n\n\n\n<figure class=\"wp-block-image is-resized\"><img loading=\"lazy\" decoding=\"async\" src=\"https:\/\/www.nadejart.fr\/wp\/wp-content\/uploads\/2018\/11\/aquarelle-bouquet.jpg\" alt=\"\" class=\"wp-image-1537\" style=\"width:257px;height:359px\" width=\"257\" height=\"359\" srcset=\"https:\/\/www.nadejart.fr\/wp\/wp-content\/uploads\/2018\/11\/aquarelle-bouquet.jpg 716w, https:\/\/www.nadejart.fr\/wp\/wp-content\/uploads\/2018\/11\/aquarelle-bouquet-215x300.jpg 215w\" sizes=\"auto, (max-width: 257px) 100vw, 257px\" \/><\/figure>\n","protected":false},"excerpt":{"rendered":"","protected":false},"author":2,"featured_media":1538,"comment_status":"open","ping_status":"open","sticky":false,"template":"","format":"aside","meta":{"_coblocks_attr":"","_coblocks_dimensions":"","_coblocks_responsive_height":"","_coblocks_accordion_ie_support":"","_crdt_document":"","_uag_custom_page_level_css":"","_monsterinsights_skip_tracking":false,"_monsterinsights_sitenote_active":false,"_monsterinsights_sitenote_note":"","_monsterinsights_sitenote_category":0,"footnotes":""},"categories":[2],"tags":[],"class_list":["post-1536","post","type-post","status-publish","format-aside","has-post-thumbnail","hentry","category-blog","post_format-post-format-aside"],"yoast_head":"<!-- This site is optimized with the Yoast SEO plugin v27.4 - https:\/\/yoast.com\/product\/yoast-seo-wordpress\/ -->\n<title>Aquarelle automne - Nadej&#039;Art<\/title>\n<meta name=\"robots\" content=\"index, follow, max-snippet:-1, max-image-preview:large, max-video-preview:-1\" \/>\n<link rel=\"canonical\" href=\"https:\/\/www.nadejart.fr\/wp\/2018\/11\/12\/aquarelle-automne\/\" \/>\n<meta property=\"og:locale\" content=\"fr_FR\" \/>\n<meta property=\"og:type\" content=\"article\" \/>\n<meta property=\"og:title\" content=\"Aquarelle automne - Nadej&#039;Art\" \/>\n<meta property=\"og:url\" content=\"https:\/\/www.nadejart.fr\/wp\/2018\/11\/12\/aquarelle-automne\/\" \/>\n<meta property=\"og:site_name\" content=\"Nadej&#039;Art\" \/>\n<meta property=\"article:published_time\" content=\"2018-11-12T09:47:37+00:00\" \/>\n<meta property=\"article:modified_time\" content=\"2023-08-30T15:32:06+00:00\" \/>\n<meta property=\"og:image\" content=\"https:\/\/www.nadejart.fr\/wp\/wp-content\/uploads\/2018\/11\/aquarelle-automne.jpg\" \/>\n\t<meta property=\"og:image:width\" content=\"1000\" \/>\n\t<meta property=\"og:image:height\" content=\"595\" \/>\n\t<meta property=\"og:image:type\" content=\"image\/jpeg\" \/>\n<meta name=\"author\" content=\"N A\" \/>\n<meta name=\"twitter:card\" content=\"summary_large_image\" \/>\n<meta name=\"twitter:label1\" content=\"\u00c9crit par\" \/>\n\t<meta name=\"twitter:data1\" content=\"N A\" \/>\n\t<meta name=\"twitter:label2\" content=\"Dur\u00e9e de lecture estim\u00e9e\" \/>\n\t<meta name=\"twitter:data2\" content=\"1 minute\" \/>\n<script type=\"application\/ld+json\" class=\"yoast-schema-graph\">{\"@context\":\"https:\\\/\\\/schema.org\",\"@graph\":[{\"@type\":\"Article\",\"@id\":\"https:\\\/\\\/www.nadejart.fr\\\/wp\\\/2018\\\/11\\\/12\\\/aquarelle-automne\\\/#article\",\"isPartOf\":{\"@id\":\"https:\\\/\\\/www.nadejart.fr\\\/wp\\\/2018\\\/11\\\/12\\\/aquarelle-automne\\\/\"},\"author\":{\"name\":\"N A\",\"@id\":\"https:\\\/\\\/www.nadejart.fr\\\/wp\\\/#\\\/schema\\\/person\\\/f83242257d6ef99d5e3838aeccf91fcd\"},\"headline\":\"Aquarelle automne\",\"datePublished\":\"2018-11-12T09:47:37+00:00\",\"dateModified\":\"2023-08-30T15:32:06+00:00\",\"mainEntityOfPage\":{\"@id\":\"https:\\\/\\\/www.nadejart.fr\\\/wp\\\/2018\\\/11\\\/12\\\/aquarelle-automne\\\/\"},\"wordCount\":85,\"commentCount\":0,\"publisher\":{\"@id\":\"https:\\\/\\\/www.nadejart.fr\\\/wp\\\/#organization\"},\"image\":{\"@id\":\"https:\\\/\\\/www.nadejart.fr\\\/wp\\\/2018\\\/11\\\/12\\\/aquarelle-automne\\\/#primaryimage\"},\"thumbnailUrl\":\"https:\\\/\\\/www.nadejart.fr\\\/wp\\\/wp-content\\\/uploads\\\/2018\\\/11\\\/aquarelle-automne.jpg\",\"articleSection\":[\"Actualit\u00e9s\"],\"inLanguage\":\"fr-FR\",\"potentialAction\":[{\"@type\":\"CommentAction\",\"name\":\"Comment\",\"target\":[\"https:\\\/\\\/www.nadejart.fr\\\/wp\\\/2018\\\/11\\\/12\\\/aquarelle-automne\\\/#respond\"]}]},{\"@type\":\"WebPage\",\"@id\":\"https:\\\/\\\/www.nadejart.fr\\\/wp\\\/2018\\\/11\\\/12\\\/aquarelle-automne\\\/\",\"url\":\"https:\\\/\\\/www.nadejart.fr\\\/wp\\\/2018\\\/11\\\/12\\\/aquarelle-automne\\\/\",\"name\":\"Aquarelle automne - Nadej&#039;Art\",\"isPartOf\":{\"@id\":\"https:\\\/\\\/www.nadejart.fr\\\/wp\\\/#website\"},\"primaryImageOfPage\":{\"@id\":\"https:\\\/\\\/www.nadejart.fr\\\/wp\\\/2018\\\/11\\\/12\\\/aquarelle-automne\\\/#primaryimage\"},\"image\":{\"@id\":\"https:\\\/\\\/www.nadejart.fr\\\/wp\\\/2018\\\/11\\\/12\\\/aquarelle-automne\\\/#primaryimage\"},\"thumbnailUrl\":\"https:\\\/\\\/www.nadejart.fr\\\/wp\\\/wp-content\\\/uploads\\\/2018\\\/11\\\/aquarelle-automne.jpg\",\"datePublished\":\"2018-11-12T09:47:37+00:00\",\"dateModified\":\"2023-08-30T15:32:06+00:00\",\"breadcrumb\":{\"@id\":\"https:\\\/\\\/www.nadejart.fr\\\/wp\\\/2018\\\/11\\\/12\\\/aquarelle-automne\\\/#breadcrumb\"},\"inLanguage\":\"fr-FR\",\"potentialAction\":[{\"@type\":\"ReadAction\",\"target\":[\"https:\\\/\\\/www.nadejart.fr\\\/wp\\\/2018\\\/11\\\/12\\\/aquarelle-automne\\\/\"]}]},{\"@type\":\"ImageObject\",\"inLanguage\":\"fr-FR\",\"@id\":\"https:\\\/\\\/www.nadejart.fr\\\/wp\\\/2018\\\/11\\\/12\\\/aquarelle-automne\\\/#primaryimage\",\"url\":\"https:\\\/\\\/www.nadejart.fr\\\/wp\\\/wp-content\\\/uploads\\\/2018\\\/11\\\/aquarelle-automne.jpg\",\"contentUrl\":\"https:\\\/\\\/www.nadejart.fr\\\/wp\\\/wp-content\\\/uploads\\\/2018\\\/11\\\/aquarelle-automne.jpg\",\"width\":1000,\"height\":595},{\"@type\":\"BreadcrumbList\",\"@id\":\"https:\\\/\\\/www.nadejart.fr\\\/wp\\\/2018\\\/11\\\/12\\\/aquarelle-automne\\\/#breadcrumb\",\"itemListElement\":[{\"@type\":\"ListItem\",\"position\":1,\"name\":\"Accueil\",\"item\":\"https:\\\/\\\/www.nadejart.fr\\\/wp\\\/\"},{\"@type\":\"ListItem\",\"position\":2,\"name\":\"Aquarelle automne\"}]},{\"@type\":\"WebSite\",\"@id\":\"https:\\\/\\\/www.nadejart.fr\\\/wp\\\/#website\",\"url\":\"https:\\\/\\\/www.nadejart.fr\\\/wp\\\/\",\"name\":\"Nadej'Art\",\"description\":\"\",\"publisher\":{\"@id\":\"https:\\\/\\\/www.nadejart.fr\\\/wp\\\/#organization\"},\"alternateName\":\"Nadej Art\",\"potentialAction\":[{\"@type\":\"SearchAction\",\"target\":{\"@type\":\"EntryPoint\",\"urlTemplate\":\"https:\\\/\\\/www.nadejart.fr\\\/wp\\\/?s={search_term_string}\"},\"query-input\":{\"@type\":\"PropertyValueSpecification\",\"valueRequired\":true,\"valueName\":\"search_term_string\"}}],\"inLanguage\":\"fr-FR\"},{\"@type\":\"Organization\",\"@id\":\"https:\\\/\\\/www.nadejart.fr\\\/wp\\\/#organization\",\"name\":\"Nadej'Art\",\"url\":\"https:\\\/\\\/www.nadejart.fr\\\/wp\\\/\",\"logo\":{\"@type\":\"ImageObject\",\"inLanguage\":\"fr-FR\",\"@id\":\"https:\\\/\\\/www.nadejart.fr\\\/wp\\\/#\\\/schema\\\/logo\\\/image\\\/\",\"url\":\"https:\\\/\\\/www.nadejart.fr\\\/wp\\\/wp-content\\\/uploads\\\/2020\\\/10\\\/cropped-logo-nadejart.png\",\"contentUrl\":\"https:\\\/\\\/www.nadejart.fr\\\/wp\\\/wp-content\\\/uploads\\\/2020\\\/10\\\/cropped-logo-nadejart.png\",\"width\":512,\"height\":512,\"caption\":\"Nadej'Art\"},\"image\":{\"@id\":\"https:\\\/\\\/www.nadejart.fr\\\/wp\\\/#\\\/schema\\\/logo\\\/image\\\/\"}},{\"@type\":\"Person\",\"@id\":\"https:\\\/\\\/www.nadejart.fr\\\/wp\\\/#\\\/schema\\\/person\\\/f83242257d6ef99d5e3838aeccf91fcd\",\"name\":\"N A\",\"image\":{\"@type\":\"ImageObject\",\"inLanguage\":\"fr-FR\",\"@id\":\"https:\\\/\\\/secure.gravatar.com\\\/avatar\\\/b0a82cdeea4c991c9f5e48d478c4280f35078f8464c26bcedfbea5be6fc61d79?s=96&d=blank&r=g\",\"url\":\"https:\\\/\\\/secure.gravatar.com\\\/avatar\\\/b0a82cdeea4c991c9f5e48d478c4280f35078f8464c26bcedfbea5be6fc61d79?s=96&d=blank&r=g\",\"contentUrl\":\"https:\\\/\\\/secure.gravatar.com\\\/avatar\\\/b0a82cdeea4c991c9f5e48d478c4280f35078f8464c26bcedfbea5be6fc61d79?s=96&d=blank&r=g\",\"caption\":\"N A\"}}]}<\/script>\n<!-- \/ Yoast SEO plugin. -->","yoast_head_json":{"title":"Aquarelle automne - Nadej&#039;Art","robots":{"index":"index","follow":"follow","max-snippet":"max-snippet:-1","max-image-preview":"max-image-preview:large","max-video-preview":"max-video-preview:-1"},"canonical":"https:\/\/www.nadejart.fr\/wp\/2018\/11\/12\/aquarelle-automne\/","og_locale":"fr_FR","og_type":"article","og_title":"Aquarelle automne - Nadej&#039;Art","og_url":"https:\/\/www.nadejart.fr\/wp\/2018\/11\/12\/aquarelle-automne\/","og_site_name":"Nadej&#039;Art","article_published_time":"2018-11-12T09:47:37+00:00","article_modified_time":"2023-08-30T15:32:06+00:00","og_image":[{"width":1000,"height":595,"url":"https:\/\/www.nadejart.fr\/wp\/wp-content\/uploads\/2018\/11\/aquarelle-automne.jpg","type":"image\/jpeg"}],"author":"N A","twitter_card":"summary_large_image","twitter_misc":{"\u00c9crit par":"N A","Dur\u00e9e de lecture estim\u00e9e":"1 minute"},"schema":{"@context":"https:\/\/schema.org","@graph":[{"@type":"Article","@id":"https:\/\/www.nadejart.fr\/wp\/2018\/11\/12\/aquarelle-automne\/#article","isPartOf":{"@id":"https:\/\/www.nadejart.fr\/wp\/2018\/11\/12\/aquarelle-automne\/"},"author":{"name":"N A","@id":"https:\/\/www.nadejart.fr\/wp\/#\/schema\/person\/f83242257d6ef99d5e3838aeccf91fcd"},"headline":"Aquarelle automne","datePublished":"2018-11-12T09:47:37+00:00","dateModified":"2023-08-30T15:32:06+00:00","mainEntityOfPage":{"@id":"https:\/\/www.nadejart.fr\/wp\/2018\/11\/12\/aquarelle-automne\/"},"wordCount":85,"commentCount":0,"publisher":{"@id":"https:\/\/www.nadejart.fr\/wp\/#organization"},"image":{"@id":"https:\/\/www.nadejart.fr\/wp\/2018\/11\/12\/aquarelle-automne\/#primaryimage"},"thumbnailUrl":"https:\/\/www.nadejart.fr\/wp\/wp-content\/uploads\/2018\/11\/aquarelle-automne.jpg","articleSection":["Actualit\u00e9s"],"inLanguage":"fr-FR","potentialAction":[{"@type":"CommentAction","name":"Comment","target":["https:\/\/www.nadejart.fr\/wp\/2018\/11\/12\/aquarelle-automne\/#respond"]}]},{"@type":"WebPage","@id":"https:\/\/www.nadejart.fr\/wp\/2018\/11\/12\/aquarelle-automne\/","url":"https:\/\/www.nadejart.fr\/wp\/2018\/11\/12\/aquarelle-automne\/","name":"Aquarelle automne - Nadej&#039;Art","isPartOf":{"@id":"https:\/\/www.nadejart.fr\/wp\/#website"},"primaryImageOfPage":{"@id":"https:\/\/www.nadejart.fr\/wp\/2018\/11\/12\/aquarelle-automne\/#primaryimage"},"image":{"@id":"https:\/\/www.nadejart.fr\/wp\/2018\/11\/12\/aquarelle-automne\/#primaryimage"},"thumbnailUrl":"https:\/\/www.nadejart.fr\/wp\/wp-content\/uploads\/2018\/11\/aquarelle-automne.jpg","datePublished":"2018-11-12T09:47:37+00:00","dateModified":"2023-08-30T15:32:06+00:00","breadcrumb":{"@id":"https:\/\/www.nadejart.fr\/wp\/2018\/11\/12\/aquarelle-automne\/#breadcrumb"},"inLanguage":"fr-FR","potentialAction":[{"@type":"ReadAction","target":["https:\/\/www.nadejart.fr\/wp\/2018\/11\/12\/aquarelle-automne\/"]}]},{"@type":"ImageObject","inLanguage":"fr-FR","@id":"https:\/\/www.nadejart.fr\/wp\/2018\/11\/12\/aquarelle-automne\/#primaryimage","url":"https:\/\/www.nadejart.fr\/wp\/wp-content\/uploads\/2018\/11\/aquarelle-automne.jpg","contentUrl":"https:\/\/www.nadejart.fr\/wp\/wp-content\/uploads\/2018\/11\/aquarelle-automne.jpg","width":1000,"height":595},{"@type":"BreadcrumbList","@id":"https:\/\/www.nadejart.fr\/wp\/2018\/11\/12\/aquarelle-automne\/#breadcrumb","itemListElement":[{"@type":"ListItem","position":1,"name":"Accueil","item":"https:\/\/www.nadejart.fr\/wp\/"},{"@type":"ListItem","position":2,"name":"Aquarelle automne"}]},{"@type":"WebSite","@id":"https:\/\/www.nadejart.fr\/wp\/#website","url":"https:\/\/www.nadejart.fr\/wp\/","name":"Nadej'Art","description":"","publisher":{"@id":"https:\/\/www.nadejart.fr\/wp\/#organization"},"alternateName":"Nadej Art","potentialAction":[{"@type":"SearchAction","target":{"@type":"EntryPoint","urlTemplate":"https:\/\/www.nadejart.fr\/wp\/?s={search_term_string}"},"query-input":{"@type":"PropertyValueSpecification","valueRequired":true,"valueName":"search_term_string"}}],"inLanguage":"fr-FR"},{"@type":"Organization","@id":"https:\/\/www.nadejart.fr\/wp\/#organization","name":"Nadej'Art","url":"https:\/\/www.nadejart.fr\/wp\/","logo":{"@type":"ImageObject","inLanguage":"fr-FR","@id":"https:\/\/www.nadejart.fr\/wp\/#\/schema\/logo\/image\/","url":"https:\/\/www.nadejart.fr\/wp\/wp-content\/uploads\/2020\/10\/cropped-logo-nadejart.png","contentUrl":"https:\/\/www.nadejart.fr\/wp\/wp-content\/uploads\/2020\/10\/cropped-logo-nadejart.png","width":512,"height":512,"caption":"Nadej'Art"},"image":{"@id":"https:\/\/www.nadejart.fr\/wp\/#\/schema\/logo\/image\/"}},{"@type":"Person","@id":"https:\/\/www.nadejart.fr\/wp\/#\/schema\/person\/f83242257d6ef99d5e3838aeccf91fcd","name":"N A","image":{"@type":"ImageObject","inLanguage":"fr-FR","@id":"https:\/\/secure.gravatar.com\/avatar\/b0a82cdeea4c991c9f5e48d478c4280f35078f8464c26bcedfbea5be6fc61d79?s=96&d=blank&r=g","url":"https:\/\/secure.gravatar.com\/avatar\/b0a82cdeea4c991c9f5e48d478c4280f35078f8464c26bcedfbea5be6fc61d79?s=96&d=blank&r=g","contentUrl":"https:\/\/secure.gravatar.com\/avatar\/b0a82cdeea4c991c9f5e48d478c4280f35078f8464c26bcedfbea5be6fc61d79?s=96&d=blank&r=g","caption":"N A"}}]}},"uagb_featured_image_src":{"full":["https:\/\/www.nadejart.fr\/wp\/wp-content\/uploads\/2018\/11\/aquarelle-automne.jpg",1000,595,false],"thumbnail":["https:\/\/www.nadejart.fr\/wp\/wp-content\/uploads\/2018\/11\/aquarelle-automne-150x150.jpg",150,150,true],"medium":["https:\/\/www.nadejart.fr\/wp\/wp-content\/uploads\/2018\/11\/aquarelle-automne-300x179.jpg",300,179,true],"medium_large":["https:\/\/www.nadejart.fr\/wp\/wp-content\/uploads\/2018\/11\/aquarelle-automne-768x457.jpg",768,457,true],"large":["https:\/\/www.nadejart.fr\/wp\/wp-content\/uploads\/2018\/11\/aquarelle-automne.jpg",1000,595,false],"1536x1536":["https:\/\/www.nadejart.fr\/wp\/wp-content\/uploads\/2018\/11\/aquarelle-automne.jpg",1000,595,false],"2048x2048":["https:\/\/www.nadejart.fr\/wp\/wp-content\/uploads\/2018\/11\/aquarelle-automne.jpg",1000,595,false],"yarpp-thumbnail":["https:\/\/www.nadejart.fr\/wp\/wp-content\/uploads\/2018\/11\/aquarelle-automne.jpg",120,71,false]},"uagb_author_info":{"display_name":"N A","author_link":"https:\/\/www.nadejart.fr\/wp"},"uagb_comment_info":0,"uagb_excerpt":null,"_links":{"self":[{"href":"https:\/\/www.nadejart.fr\/wp\/wp-json\/wp\/v2\/posts\/1536","targetHints":{"allow":["GET"]}}],"collection":[{"href":"https:\/\/www.nadejart.fr\/wp\/wp-json\/wp\/v2\/posts"}],"about":[{"href":"https:\/\/www.nadejart.fr\/wp\/wp-json\/wp\/v2\/types\/post"}],"author":[{"embeddable":true,"href":"https:\/\/www.nadejart.fr\/wp\/wp-json\/wp\/v2\/users\/2"}],"replies":[{"embeddable":true,"href":"https:\/\/www.nadejart.fr\/wp\/wp-json\/wp\/v2\/comments?post=1536"}],"version-history":[{"count":1,"href":"https:\/\/www.nadejart.fr\/wp\/wp-json\/wp\/v2\/posts\/1536\/revisions"}],"predecessor-version":[{"id":8249,"href":"https:\/\/www.nadejart.fr\/wp\/wp-json\/wp\/v2\/posts\/1536\/revisions\/8249"}],"wp:featuredmedia":[{"embeddable":true,"href":"https:\/\/www.nadejart.fr\/wp\/wp-json\/wp\/v2\/media\/1538"}],"wp:attachment":[{"href":"https:\/\/www.nadejart.fr\/wp\/wp-json\/wp\/v2\/media?parent=1536"}],"wp:term":[{"taxonomy":"category","embeddable":true,"href":"https:\/\/www.nadejart.fr\/wp\/wp-json\/wp\/v2\/categories?post=1536"},{"taxonomy":"post_tag","embeddable":true,"href":"https:\/\/www.nadejart.fr\/wp\/wp-json\/wp\/v2\/tags?post=1536"}],"curies":[{"name":"wp","href":"https:\/\/api.w.org\/{rel}","templated":true}]}}